{"id":25064,"date":"2024-05-08T08:36:43","date_gmt":"2024-05-08T11:36:43","guid":{"rendered":"https:\/\/www.saloanoticias.com\/v1\/?p=25064"},"modified":"2024-05-09T18:55:30","modified_gmt":"2024-05-09T21:55:30","slug":"prefeitura-de-saloa-inicia-com-antecedencia-o-repassa-financeiro-da-lei-paulo-gustavo","status":"publish","type":"post","link":"https:\/\/www.saloanoticias.com\/v1\/prefeitura-de-saloa-inicia-com-antecedencia-o-repassa-financeiro-da-lei-paulo-gustavo\/","title":{"rendered":"Prefeitura de Salo\u00e1 inicia, com anteced\u00eancia, o repasse financeiro da Lei Paulo Gustavo"},"content":{"rendered":"\n<p>Ap\u00f3s uma cerim\u00f4nia de assinatura dos termos de execu\u00e7\u00e3o cultural na \u00faltima sexta-feira (03), a cidade de Salo\u00e1 d\u00e1 um passo significativo no fortalecimento da cultura local. A partir da segunda-feira (06), a Prefeitura de Salo\u00e1 deu in\u00edcio ao cadastramento das contas banc\u00e1rias dos mais de 60 artistas habilitados.<\/p>\n\n\n\n<p>J\u00e1 na manh\u00e3 da ter\u00e7a-feira (07), o t\u00e3o aguardado repasse financeiro da Lei Complementar N\u00ba 195\/2022, mais conhecida como Lei Paulo Gustavo, come\u00e7ou a cair nas contas, ressaltando que com bastante anteced\u00eancia, haja vista que a data prevista no edital de n\u00famero 01\/2024 (Audiovisual) e 02\/2004 (demais \u00e1reas da cultura), seria at\u00e9 o dia 22 de maio.<\/p>\n\n\n\n<p>Essa medida \u00e9 um marco no apoio e fomento \u00e0 cultura, beneficiando diretamente os artistas locais habilitados que tanto contribuem para o enriquecimento cultural\u00a0da\u00a0regi\u00e3o. A Lei Paulo Gustavo, criada com o intuito de honrar o legado do renomado artista brasileiro, n\u00e3o s\u00f3 homenageia sua trajet\u00f3ria brilhante, mas tamb\u00e9m promove o desenvolvimento cultural em diversas localidades do pa\u00eds.<\/p>\n\n\n\n<p>Em Salo\u00e1, essa lei representa, n\u00e3o apenas um reconhecimento \u00e0 arte e aos artistas locais, mas tamb\u00e9m um investimento no potencial criativo e no crescimento da cena cultural da cidade. O in\u00edcio do repasse financeiro da Lei Paulo Gustavo marca um momento de esperan\u00e7a e renova\u00e7\u00e3o para a comunidade art\u00edstica de Salo\u00e1.<\/p>\n\n\n<div class=\"wp-block-image\">\n<figure class=\"aligncenter size-large\"><img loading=\"lazy\" decoding=\"async\" width=\"1024\" height=\"678\" src=\"https:\/\/www.saloanoticias.com\/v1\/wp-content\/uploads\/2024\/05\/Imagem-do-WhatsApp-de-2024-05-07-as-11.58.22_faa9575c-1536x1017-1-1024x678.jpg\" alt=\"\" class=\"wp-image-25066\" srcset=\"https:\/\/www.saloanoticias.com\/v1\/wp-content\/uploads\/2024\/05\/Imagem-do-WhatsApp-de-2024-05-07-as-11.58.22_faa9575c-1536x1017-1-1024x678.jpg 1024w, https:\/\/www.saloanoticias.com\/v1\/wp-content\/uploads\/2024\/05\/Imagem-do-WhatsApp-de-2024-05-07-as-11.58.22_faa9575c-1536x1017-1-300x199.jpg 300w, https:\/\/www.saloanoticias.com\/v1\/wp-content\/uploads\/2024\/05\/Imagem-do-WhatsApp-de-2024-05-07-as-11.58.22_faa9575c-1536x1017-1-768x509.jpg 768w, https:\/\/www.saloanoticias.com\/v1\/wp-content\/uploads\/2024\/05\/Imagem-do-WhatsApp-de-2024-05-07-as-11.58.22_faa9575c-1536x1017-1.jpg 1536w\" sizes=\"auto, (max-width: 1024px) 100vw, 1024px\" \/><\/figure>\n<\/div>\n\n\n<p>Os artistas habilitados agora t\u00eam a oportunidade de receber mais um grande apoio para continuar desenvolvendo seus projetos, expressando suas vozes e enriquecendo a vida cultural da cidade. Em sua fala, o prefeito J\u00fanior de Rivaldo enfatizou a import\u00e2ncia desse repasse para a cidade:<\/p>\n\n\n\n<p><em>\u201cEstamos comprometidos em fortalecer a cultura local e valorizar os talentos de nossa regi\u00e3o. A Lei Paulo Gustavo representa um passo significativo nesse sentido, e tenho certeza de que os artistas habilitados far\u00e3o um excelente uso desses recursos para continuar inspirando nossa comunidade.\u201d<\/em><\/p>\n\n\n\n<p>Com o in\u00edcio do repasse financeiro da Lei Paulo Gustavo, Salo\u00e1 continua rumo a um futuro promissor no cen\u00e1rio cultural. A expectativa \u00e9 que esses investimentos impulsionem n\u00e3o apenas a produ\u00e7\u00e3o art\u00edstica local, mas tamb\u00e9m a economia criativa da cidade, gerando oportunidades e enriquecendo a vida de todos os seus habitantes.<\/p>\n\n\n\n<p>Com esse apoio, os artistas habilitados t\u00eam a oportunidade de continuar brilhando e inspirando a comunidade, mostrando que a arte \u00e9 uma for\u00e7a transformadora que merece ser valorizada e incentivada. <em>Com informa\u00e7\u00f5es da Prefeitura Municipal<\/em>.<\/p>\n\n\n<div class=\"wp-block-image\">\n<figure class=\"aligncenter size-large\"><img loading=\"lazy\" decoding=\"async\" width=\"1024\" height=\"678\" src=\"https:\/\/www.saloanoticias.com\/v1\/wp-content\/uploads\/2024\/05\/Imagem-do-WhatsApp-de-2024-05-07-as-12.46.49_9b7da4e5-1536x1017-1-1024x678.jpg\" alt=\"\" class=\"wp-image-25067\" srcset=\"https:\/\/www.saloanoticias.com\/v1\/wp-content\/uploads\/2024\/05\/Imagem-do-WhatsApp-de-2024-05-07-as-12.46.49_9b7da4e5-1536x1017-1-1024x678.jpg 1024w, https:\/\/www.saloanoticias.com\/v1\/wp-content\/uploads\/2024\/05\/Imagem-do-WhatsApp-de-2024-05-07-as-12.46.49_9b7da4e5-1536x1017-1-300x199.jpg 300w, https:\/\/www.saloanoticias.com\/v1\/wp-content\/uploads\/2024\/05\/Imagem-do-WhatsApp-de-2024-05-07-as-12.46.49_9b7da4e5-1536x1017-1-768x509.jpg 768w, https:\/\/www.saloanoticias.com\/v1\/wp-content\/uploads\/2024\/05\/Imagem-do-WhatsApp-de-2024-05-07-as-12.46.49_9b7da4e5-1536x1017-1.jpg 1536w\" sizes=\"auto, (max-width: 1024px) 100vw, 1024px\" \/><\/figure>\n<\/div><div style=\"margin-top: 0px; margin-bottom: 0px;\" class=\"sharethis-inline-share-buttons\" ><\/div>","protected":false},"excerpt":{"rendered":"<p>Ap\u00f3s uma cerim\u00f4nia de assinatura dos termos de execu\u00e7\u00e3o cultural na \u00faltima sexta-feira (03), a cidade de Salo\u00e1 d\u00e1 um passo significativo no fortalecimento da cultura local. A partir da segunda-feira (06), a Prefeitura de Salo\u00e1 deu in\u00edcio ao cadastramento das contas banc\u00e1rias dos mais de 60 artistas habilitados. J\u00e1 na manh\u00e3 da ter\u00e7a-feira (07), [&hellip;]<\/p>\n","protected":false},"author":1,"featured_media":25073,"comment_status":"closed","ping_status":"closed","sticky":false,"template":"","format":"standard","meta":{"footnotes":""},"categories":[17],"tags":[22],"class_list":["post-25064","post","type-post","status-publish","format-standard","has-post-thumbnail","hentry","category-educacao","tag-destaques"],"_links":{"self":[{"href":"https:\/\/www.saloanoticias.com\/v1\/wp-json\/wp\/v2\/posts\/25064","targetHints":{"allow":["GET"]}}],"collection":[{"href":"https:\/\/www.saloanoticias.com\/v1\/wp-json\/wp\/v2\/posts"}],"about":[{"href":"https:\/\/www.saloanoticias.com\/v1\/wp-json\/wp\/v2\/types\/post"}],"author":[{"embeddable":true,"href":"https:\/\/www.saloanoticias.com\/v1\/wp-json\/wp\/v2\/users\/1"}],"replies":[{"embeddable":true,"href":"https:\/\/www.saloanoticias.com\/v1\/wp-json\/wp\/v2\/comments?post=25064"}],"version-history":[{"count":2,"href":"https:\/\/www.saloanoticias.com\/v1\/wp-json\/wp\/v2\/posts\/25064\/revisions"}],"predecessor-version":[{"id":25096,"href":"https:\/\/www.saloanoticias.com\/v1\/wp-json\/wp\/v2\/posts\/25064\/revisions\/25096"}],"wp:featuredmedia":[{"embeddable":true,"href":"https:\/\/www.saloanoticias.com\/v1\/wp-json\/wp\/v2\/media\/25073"}],"wp:attachment":[{"href":"https:\/\/www.saloanoticias.com\/v1\/wp-json\/wp\/v2\/media?parent=25064"}],"wp:term":[{"taxonomy":"category","embeddable":true,"href":"https:\/\/www.saloanoticias.com\/v1\/wp-json\/wp\/v2\/categories?post=25064"},{"taxonomy":"post_tag","embeddable":true,"href":"https:\/\/www.saloanoticias.com\/v1\/wp-json\/wp\/v2\/tags?post=25064"}],"curies":[{"name":"wp","href":"https:\/\/api.w.org\/{rel}","templated":true}]}}