{"id":2506,"date":"2016-03-01T16:10:00","date_gmt":"2016-03-01T16:10:00","guid":{"rendered":"https:\/\/saloanoticias.mrmediaweb.com\/v1\/2016\/03\/01\/mais-um-grave-acidente-na-serra-dos-ventos-em-saloa\/"},"modified":"2016-03-01T16:10:00","modified_gmt":"2016-03-01T16:10:00","slug":"mais-um-grave-acidente-na-serra-dos-ventos-em-saloa","status":"publish","type":"post","link":"https:\/\/www.saloanoticias.com\/v1\/mais-um-grave-acidente-na-serra-dos-ventos-em-saloa\/","title":{"rendered":"MAIS UM \u201cGRAVE ACIDENTE\u201d NA SERRA DOS VENTOS EM SALO\u00c1\/PE"},"content":{"rendered":"<p align=\"justify\"><font size=\"3\" face=\"Arial\"><a href=\"http:\/\/www.saloanoticias.com\/images\/tfd-salo_f43e862da9c7f000b2d085d832b34433.jpg\"><img loading=\"lazy\" decoding=\"async\" title=\"TFD Salo&aacute;\" style=\"border-top: 0px; border-right: 0px; background-image: none; border-bottom: 0px; float: none; padding-top: 0px; padding-left: 0px; margin: 0px auto 10px; border-left: 0px; display: block; padding-right: 0px\" border=\"0\" alt=\"TFD Salo&aacute;\" src=\"http:\/\/www.saloanoticias.com\/v1\/wp-content\/uploads\/imagens\/tfd-salo_thumb_7fbbdeb3b55e85b0013d0f698deec911.jpg\" width=\"1470\" height=\"828\"><\/a>Chega ao nosso blog a informa\u00e7\u00e3o sobre mais um acidente grave na Serra dos Ventos, nas proximidades do s\u00edtio Basti\u00f5es, depois da curva de Z\u00e9 Ricardo, na zona rural de Salo\u00e1. pelos relatos coletados no local, a carreta de placa KGJ \u2013 5184 vinha de Igarass\u00fa\/PE carregada de um material de formica de port\u00f5es, parecido com zinco, em dire\u00e7\u00e3o \u00e0 Bahia. Gra\u00e7as a Deus o condutor do ve\u00edculo saiu ileso da capotagem, tendo somente preju\u00edzos materiais, como se ver nas imagens.<\/font><\/p>\n<p align=\"justify\"><a href=\"http:\/\/www.saloanoticias.com\/images\/12805787_1028451313875046_2064898789940323812_n.jpg\"><img loading=\"lazy\" decoding=\"async\" title=\"12805787_1028451313875046_2064898789940323812_n\" style=\"border-top: 0px; border-right: 0px; background-image: none; border-bottom: 0px; float: none; padding-top: 0px; padding-left: 0px; margin-left: auto; border-left: 0px; display: block; padding-right: 0px; margin-right: auto\" border=\"0\" alt=\"12805787_1028451313875046_2064898789940323812_n\" src=\"http:\/\/www.saloanoticias.com\/v1\/wp-content\/uploads\/imagens\/12805787_1028451313875046_2064898789940323812_n_thumb.jpg\" width=\"1467\" height=\"825\"><\/a><\/p>\n<p align=\"justify\"><font size=\"3\" face=\"Arial\">O fato aconteceu h\u00e1 aproximadamente 40 minutos e a Rodovi\u00e1ria Federal ainda n\u00e3o chegou no local. <\/font><font size=\"3\" face=\"Arial\">Esse \u00e9 o segundo acidente envolvendo carreatas somente nos \u00faltimos 8 dias, o que confirma as especula\u00e7\u00f5es de que este trecho da BR 423 \u00e9 um dos mais perigosos do pa\u00eds, sem falar no fato de que o mesmo \u00e9 um dos mais violentos por conta dos constantes assaltos. Vale lembrar que no dia 23 de fevereiro aconteceu outro acidente neste mesmo trecho da BR 423 resultando em uma v\u00edtima fatal. Com informa\u00e7\u00f5es e fotos de Andrez\u00e3o do IPA e Erick Luan.<\/font><\/p>\n<p align=\"justify\"><a href=\"http:\/\/www.saloanoticias.com\/images\/12795439_1028451347208376_226188737345310573_n.jpg\"><img loading=\"lazy\" decoding=\"async\" title=\"12795439_1028451347208376_226188737345310573_n\" style=\"border-top: 0px; border-right: 0px; background-image: none; border-bottom: 0px; float: none; padding-top: 0px; padding-left: 0px; margin-left: auto; border-left: 0px; display: block; padding-right: 0px; margin-right: auto\" border=\"0\" alt=\"12795439_1028451347208376_226188737345310573_n\" src=\"http:\/\/www.saloanoticias.com\/v1\/wp-content\/uploads\/imagens\/12795439_1028451347208376_226188737345310573_n_thumb.jpg\" width=\"1459\" height=\"821\"><\/a><\/p>\n<p><a href=\"http:\/\/www.saloanoticias.com\/images\/12802818_1028451400541704_3490063807865110346_n.jpg\"><img loading=\"lazy\" decoding=\"async\" title=\"12802818_1028451400541704_3490063807865110346_n\" style=\"border-top: 0px; border-right: 0px; background-image: none; border-bottom: 0px; float: none; padding-top: 0px; padding-left: 0px; margin-left: auto; border-left: 0px; display: block; padding-right: 0px; margin-right: auto\" border=\"0\" alt=\"12802818_1028451400541704_3490063807865110346_n\" src=\"http:\/\/www.saloanoticias.com\/v1\/wp-content\/uploads\/imagens\/12802818_1028451400541704_3490063807865110346_n_thumb.jpg\" width=\"1458\" height=\"821\"><\/a><\/p>\n<div style=\"margin-top: 0px; margin-bottom: 0px;\" class=\"sharethis-inline-share-buttons\" ><\/div>","protected":false},"excerpt":{"rendered":"<p>Chega ao nosso blog a informa\u00e7\u00e3o sobre mais um acidente grave na Serra dos Ventos, nas proximidades do s\u00edtio Basti\u00f5es, depois da curva de Z\u00e9 Ricardo, na zona rural de Salo\u00e1. pelos relatos coletados no local, a carreta de placa KGJ \u2013 5184 vinha de Igarass\u00fa\/PE carregada de um material de formica de port\u00f5es, parecido [&hellip;]<\/p>\n","protected":false},"author":1,"featured_media":0,"comment_status":"open","ping_status":"open","sticky":false,"template":"","format":"standard","meta":{"footnotes":""},"categories":[2],"tags":[],"class_list":["post-2506","post","type-post","status-publish","format-standard","hentry","category-noticias-do-dia"],"_links":{"self":[{"href":"https:\/\/www.saloanoticias.com\/v1\/wp-json\/wp\/v2\/posts\/2506","targetHints":{"allow":["GET"]}}],"collection":[{"href":"https:\/\/www.saloanoticias.com\/v1\/wp-json\/wp\/v2\/posts"}],"about":[{"href":"https:\/\/www.saloanoticias.com\/v1\/wp-json\/wp\/v2\/types\/post"}],"author":[{"embeddable":true,"href":"https:\/\/www.saloanoticias.com\/v1\/wp-json\/wp\/v2\/users\/1"}],"replies":[{"embeddable":true,"href":"https:\/\/www.saloanoticias.com\/v1\/wp-json\/wp\/v2\/comments?post=2506"}],"version-history":[{"count":0,"href":"https:\/\/www.saloanoticias.com\/v1\/wp-json\/wp\/v2\/posts\/2506\/revisions"}],"wp:attachment":[{"href":"https:\/\/www.saloanoticias.com\/v1\/wp-json\/wp\/v2\/media?parent=2506"}],"wp:term":[{"taxonomy":"category","embeddable":true,"href":"https:\/\/www.saloanoticias.com\/v1\/wp-json\/wp\/v2\/categories?post=2506"},{"taxonomy":"post_tag","embeddable":true,"href":"https:\/\/www.saloanoticias.com\/v1\/wp-json\/wp\/v2\/tags?post=2506"}],"curies":[{"name":"wp","href":"https:\/\/api.w.org\/{rel}","templated":true}]}}