{"id":2502,"date":"2016-03-01T12:00:00","date_gmt":"2016-03-01T12:00:00","guid":{"rendered":"https:\/\/saloanoticias.mrmediaweb.com\/v1\/2016\/03\/01\/vereador-lamenta-saide-de-promotor-da-comarca\/"},"modified":"2016-03-01T12:00:00","modified_gmt":"2016-03-01T12:00:00","slug":"vereador-lamenta-saide-de-promotor-da-comarca","status":"publish","type":"post","link":"https:\/\/www.saloanoticias.com\/v1\/vereador-lamenta-saide-de-promotor-da-comarca\/","title":{"rendered":"VEREADOR LAMENTA SA\u00cdDA DE PROMOTOR DA COMARCA DE SALO\u00c1\/PE"},"content":{"rendered":"<p align=\"justify\"><font size=\"3\" face=\"Arial\"><a href=\"http:\/\/www.saloanoticias.com\/images\/desfiledsc_0057_60d5e678b6435892e0c2630648d05868.jpg\"><img loading=\"lazy\" decoding=\"async\" title=\"desfileDSC_0057\" style=\"border-left-width: 0px; border-right-width: 0px; background-image: none; border-bottom-width: 0px; float: none; padding-top: 0px; padding-left: 0px; margin: 0px auto 10px; display: block; padding-right: 0px; border-top-width: 0px\" border=\"0\" alt=\"desfileDSC_0057\" src=\"http:\/\/www.saloanoticias.com\/v1\/wp-content\/uploads\/imagens\/desfiledsc_0057_thumb_da7faf8fbfe72354be2dd6776d602d46.jpg\" width=\"1448\" height=\"1008\"><\/a>O vereador Ronaldinho Birunda (PSDB) usou a tribuna da C\u00e2mara de Salo\u00e1\/PE no \u00faltimo dia 25 de fevereiro e fez um discurso de agradecimento ao Promotor de Justi\u00e7a, Dr. Alexandre Augusto Bezerra, que deixou a comarca. O promotor foi substitu\u00eddo e quem assumiu foi o Dr. R\u00e9us Alexandre, que j\u00e1 est\u00e1 em pleno exerc\u00edcio da fun\u00e7\u00e3o. O vereador destacou os servi\u00e7os prestados por Dr. Alexandre no munic\u00edpio e a imparcialidade dele nos pleitos da sociedade local.<\/font><\/p>\n<p align=\"justify\"><font size=\"3\" face=\"Arial\">\u201cDr. Alexandre Bezerra \u00e9 um homem \u00edntegro, inteligente e muito profissional, por isso lamento a sua sa\u00edda\u201d. Ele se tornou um amigo dos saloaenses, disse o parlamentar. <\/font><font size=\"3\" face=\"Arial\">\u201cQuero lhe desejar boa sorte nos seus novos caminhos e muito sucesso\u201d, completou. O vereador que \u00e9 l\u00edder do governo ainda desejou as boas vindas ao novo promotor, Dr. R\u00e9us Alexandre, e disse que torce para que ele d\u00ea continuidade ao bom trabalho de Bezerra no munic\u00edpio. Dr. Alexandre \u00e9 promotor titular na Cidade das Flores e estava em exerc\u00edcio cumulativo em Salo\u00e1.<\/font><\/p>\n<div style=\"margin-top: 0px; margin-bottom: 0px;\" class=\"sharethis-inline-share-buttons\" ><\/div>","protected":false},"excerpt":{"rendered":"<p>O vereador Ronaldinho Birunda (PSDB) usou a tribuna da C\u00e2mara de Salo\u00e1\/PE no \u00faltimo dia 25 de fevereiro e fez um discurso de agradecimento ao Promotor de Justi\u00e7a, Dr. Alexandre Augusto Bezerra, que deixou a comarca. O promotor foi substitu\u00eddo e quem assumiu foi o Dr. R\u00e9us Alexandre, que j\u00e1 est\u00e1 em pleno exerc\u00edcio da [&hellip;]<\/p>\n","protected":false},"author":1,"featured_media":0,"comment_status":"open","ping_status":"open","sticky":false,"template":"","format":"standard","meta":{"footnotes":""},"categories":[2],"tags":[],"class_list":["post-2502","post","type-post","status-publish","format-standard","hentry","category-noticias-do-dia"],"_links":{"self":[{"href":"https:\/\/www.saloanoticias.com\/v1\/wp-json\/wp\/v2\/posts\/2502","targetHints":{"allow":["GET"]}}],"collection":[{"href":"https:\/\/www.saloanoticias.com\/v1\/wp-json\/wp\/v2\/posts"}],"about":[{"href":"https:\/\/www.saloanoticias.com\/v1\/wp-json\/wp\/v2\/types\/post"}],"author":[{"embeddable":true,"href":"https:\/\/www.saloanoticias.com\/v1\/wp-json\/wp\/v2\/users\/1"}],"replies":[{"embeddable":true,"href":"https:\/\/www.saloanoticias.com\/v1\/wp-json\/wp\/v2\/comments?post=2502"}],"version-history":[{"count":0,"href":"https:\/\/www.saloanoticias.com\/v1\/wp-json\/wp\/v2\/posts\/2502\/revisions"}],"wp:attachment":[{"href":"https:\/\/www.saloanoticias.com\/v1\/wp-json\/wp\/v2\/media?parent=2502"}],"wp:term":[{"taxonomy":"category","embeddable":true,"href":"https:\/\/www.saloanoticias.com\/v1\/wp-json\/wp\/v2\/categories?post=2502"},{"taxonomy":"post_tag","embeddable":true,"href":"https:\/\/www.saloanoticias.com\/v1\/wp-json\/wp\/v2\/tags?post=2502"}],"curies":[{"name":"wp","href":"https:\/\/api.w.org\/{rel}","templated":true}]}}