{"id":2501,"date":"2016-02-29T22:00:00","date_gmt":"2016-02-29T22:00:00","guid":{"rendered":"https:\/\/saloanoticias.mrmediaweb.com\/v1\/2016\/02\/29\/vereador-tisley-pede-conserto-de-calcamentos-nas-ruas-juscelino-kubscthec-e\/"},"modified":"2016-02-29T22:00:00","modified_gmt":"2016-02-29T22:00:00","slug":"vereador-tisley-pede-conserto-de-calcamentos-nas-ruas-juscelino-kubscthec-e","status":"publish","type":"post","link":"https:\/\/www.saloanoticias.com\/v1\/vereador-tisley-pede-conserto-de-calcamentos-nas-ruas-juscelino-kubscthec-e\/","title":{"rendered":"VER. \u201cTISLEY VICENTE\u201d PEDE CONSERTO DE CAL\u00c7AMENTOS EM RUAS DE SALO\u00c1"},"content":{"rendered":"<p align=\"justify\"><font size=\"3\" face=\"Arial\"><a href=\"http:\/\/www.saloanoticias.com\/images\/tisley-vicente_cfaea7686dc8c42c35c12086cb101bac.jpg\"><img loading=\"lazy\" decoding=\"async\" title=\"Tisley Vicente\" style=\"border-left-width: 0px; border-right-width: 0px; background-image: none; border-bottom-width: 0px; float: left; padding-top: 0px; padding-left: 0px; margin: 5px 5px 0px 0px; display: inline; padding-right: 0px; border-top-width: 0px\" border=\"0\" alt=\"Tisley Vicente\" src=\"http:\/\/www.saloanoticias.com\/v1\/wp-content\/uploads\/imagens\/tisley-vicente_thumb_e58c9329911deac3b2d4b6eec4c7150f.jpg\" width=\"240\" align=\"left\" height=\"233\"><\/a>O vereador Tisley Vicente Silva (PRB) requereu na \u00faltima sess\u00e3o da C\u00e2mara Municipal de Salo\u00e1\/PE o conserto das galerias das ruas Jos\u00e9 Francisco de Lima e Abelardo Teles de Souza. Na solicita\u00e7\u00e3o do parlamentar, ele informa que depois das fortes chuvas ocorridas na cidade no m\u00eas de janeiro e fevereiro, os bueiros estouraram e causaram v\u00e1rios transtornos aos moradores destas ruas.<\/font><\/p>\n<p align=\"justify\"><font size=\"3\" face=\"Arial\">Ainda segundo ele, inclusive provocou o retorno das \u00e1guas nas resid\u00eancias. O requerimento foi aprovado por todos os vereadores presentes na reuni\u00e3o e foi encaminhado para o setor t\u00e9cnico da prefeitura para serem tomadas as provid\u00eancias necess\u00e1rias.<\/font><\/p>\n<div style=\"margin-top: 0px; margin-bottom: 0px;\" class=\"sharethis-inline-share-buttons\" ><\/div>","protected":false},"excerpt":{"rendered":"<p>O vereador Tisley Vicente Silva (PRB) requereu na \u00faltima sess\u00e3o da C\u00e2mara Municipal de Salo\u00e1\/PE o conserto das galerias das ruas Jos\u00e9 Francisco de Lima e Abelardo Teles de Souza. Na solicita\u00e7\u00e3o do parlamentar, ele informa que depois das fortes chuvas ocorridas na cidade no m\u00eas de janeiro e fevereiro, os bueiros estouraram e causaram [&hellip;]<\/p>\n","protected":false},"author":1,"featured_media":0,"comment_status":"open","ping_status":"open","sticky":false,"template":"","format":"standard","meta":{"footnotes":""},"categories":[2],"tags":[],"class_list":["post-2501","post","type-post","status-publish","format-standard","hentry","category-noticias-do-dia"],"_links":{"self":[{"href":"https:\/\/www.saloanoticias.com\/v1\/wp-json\/wp\/v2\/posts\/2501","targetHints":{"allow":["GET"]}}],"collection":[{"href":"https:\/\/www.saloanoticias.com\/v1\/wp-json\/wp\/v2\/posts"}],"about":[{"href":"https:\/\/www.saloanoticias.com\/v1\/wp-json\/wp\/v2\/types\/post"}],"author":[{"embeddable":true,"href":"https:\/\/www.saloanoticias.com\/v1\/wp-json\/wp\/v2\/users\/1"}],"replies":[{"embeddable":true,"href":"https:\/\/www.saloanoticias.com\/v1\/wp-json\/wp\/v2\/comments?post=2501"}],"version-history":[{"count":0,"href":"https:\/\/www.saloanoticias.com\/v1\/wp-json\/wp\/v2\/posts\/2501\/revisions"}],"wp:attachment":[{"href":"https:\/\/www.saloanoticias.com\/v1\/wp-json\/wp\/v2\/media?parent=2501"}],"wp:term":[{"taxonomy":"category","embeddable":true,"href":"https:\/\/www.saloanoticias.com\/v1\/wp-json\/wp\/v2\/categories?post=2501"},{"taxonomy":"post_tag","embeddable":true,"href":"https:\/\/www.saloanoticias.com\/v1\/wp-json\/wp\/v2\/tags?post=2501"}],"curies":[{"name":"wp","href":"https:\/\/api.w.org\/{rel}","templated":true}]}}