{"id":2500,"date":"2016-02-28T12:09:14","date_gmt":"2016-02-28T12:09:14","guid":{"rendered":"https:\/\/saloanoticias.mrmediaweb.com\/v1\/2016\/02\/28\/iati-alexandre-tenorio-foi-recebido-pelo-governador-paulo-camara\/"},"modified":"2016-02-28T12:09:14","modified_gmt":"2016-02-28T12:09:14","slug":"iati-alexandre-tenorio-foi-recebido-pelo-governador-paulo-camara","status":"publish","type":"post","link":"https:\/\/www.saloanoticias.com\/v1\/iati-alexandre-tenorio-foi-recebido-pelo-governador-paulo-camara\/","title":{"rendered":"IAT\u00cd: \u201cALEXANDRE TEN\u00d3RIO\u201d FOI RECEBIDO PELO GOVERNADOR PAULO C\u00c2MARA"},"content":{"rendered":"<p align=\"justify\"><font size=\"3\" face=\"Arial\"><a href=\"http:\/\/www.saloanoticias.com\/images\/alexandre-tenrio.jpg\"><img loading=\"lazy\" decoding=\"async\" title=\"Alexandre Ten&oacute;rio\" style=\"border-left-width: 0px; border-right-width: 0px; background-image: none; border-bottom-width: 0px; float: none; padding-top: 0px; padding-left: 0px; margin: 0px auto 10px; display: block; padding-right: 0px; border-top-width: 0px\" border=\"0\" alt=\"Alexandre Ten&oacute;rio\" src=\"http:\/\/www.saloanoticias.com\/v1\/wp-content\/uploads\/imagens\/alexandre-tenrio_thumb.jpg\" width=\"1418\" height=\"940\"><\/a>O ex-prefeito de Iat\u00ed e pr\u00e9-candidato em 2016, Alexandre Ten\u00f3rio (DEM), esteve na capital do estado na \u00faltima sexta-feira (26) e foi recebido pelo governador Paulo C\u00e2mara (PSB), no Pal\u00e1cio do Campo das Princesas. Participaram ainda do encontro o secret\u00e1rio de gest\u00e3o e planejamento, Danilo Cabral (PSB) e o prefeito de Salo\u00e1, Ricardo Alves (PMDB), que mediou a conversa. O assunto foi pol\u00edtica, e Alexandre dever\u00e1 ser o candidato apoiado pelos governistas, j\u00e1 que o atual prefeito de Iat\u00ed \u00e9 do PTB.<\/font><\/p>\n<p align=\"justify\"><a href=\"http:\/\/www.saloanoticias.com\/images\/alexandre-tenrio-2.jpg\"><img loading=\"lazy\" decoding=\"async\" title=\"Alexandre ten&oacute;rio 2\" style=\"border-left-width: 0px; border-right-width: 0px; background-image: none; border-bottom-width: 0px; float: none; padding-top: 0px; padding-left: 0px; margin-left: auto; display: block; padding-right: 0px; border-top-width: 0px; margin-right: auto\" border=\"0\" alt=\"Alexandre ten&oacute;rio 2\" src=\"http:\/\/www.saloanoticias.com\/v1\/wp-content\/uploads\/imagens\/alexandre-tenrio-2_thumb.jpg\" width=\"1419\" height=\"940\"><\/a><\/p>\n<p align=\"justify\"><font size=\"3\" face=\"Arial\">Alexandre Ten\u00f3rio \u00e9 um dos nomes mais forte e cotados para enfrentar o padre Jorge Elias (PTB), que vem sofrendo um grande desgaste em sua administra\u00e7\u00e3o, segundo o que se comenta na regi\u00e3o. Ten\u00f3rio possui um grupo muito grande com v\u00e1rios vereadores, al\u00e9m de ser aliado agora do vice-prefeito, Tonho de Lula, que dever\u00e1, ao lado de Alexandre, compor a chapa da oposi\u00e7\u00e3o. Segundo o ex-prefeito, o encontro com Paulo C\u00e2mara foi muito proveitoso, e tendo o apoio do governo, as coisas ficam mais bem encaminhadas.<\/font><\/p>\n<p align=\"justify\"><font size=\"3\" face=\"Arial\">Pelo que se observa, as elei\u00e7\u00f5es em Iat\u00ed ser\u00e3o bem quentes, j\u00e1 que os oposicionistas no munic\u00edpio est\u00e3o empolgados para enfrentar esta campanha de 2016. Existe rumores na cidade de que o padre Jorge pode indicar outro candidato em seu lugar, que seria Gib\u00f3ia, filho do ex-prefeito Manoel de Odete, o que n\u00e3o \u00e9 confirmado ainda. Alexandre foi prefeito dos anos 2008 a 2012 e \u00e9 filho de Luiz Ten\u00f3rio, que \u00e9 uma verdadeira lenda da pol\u00edtica iatiense.<\/font><\/p>\n<div style=\"margin-top: 0px; margin-bottom: 0px;\" class=\"sharethis-inline-share-buttons\" ><\/div>","protected":false},"excerpt":{"rendered":"<p>O ex-prefeito de Iat\u00ed e pr\u00e9-candidato em 2016, Alexandre Ten\u00f3rio (DEM), esteve na capital do estado na \u00faltima sexta-feira (26) e foi recebido pelo governador Paulo C\u00e2mara (PSB), no Pal\u00e1cio do Campo das Princesas. Participaram ainda do encontro o secret\u00e1rio de gest\u00e3o e planejamento, Danilo Cabral (PSB) e o prefeito de Salo\u00e1, Ricardo Alves (PMDB), [&hellip;]<\/p>\n","protected":false},"author":1,"featured_media":0,"comment_status":"open","ping_status":"open","sticky":false,"template":"","format":"standard","meta":{"footnotes":""},"categories":[2],"tags":[],"class_list":["post-2500","post","type-post","status-publish","format-standard","hentry","category-noticias-do-dia"],"_links":{"self":[{"href":"https:\/\/www.saloanoticias.com\/v1\/wp-json\/wp\/v2\/posts\/2500","targetHints":{"allow":["GET"]}}],"collection":[{"href":"https:\/\/www.saloanoticias.com\/v1\/wp-json\/wp\/v2\/posts"}],"about":[{"href":"https:\/\/www.saloanoticias.com\/v1\/wp-json\/wp\/v2\/types\/post"}],"author":[{"embeddable":true,"href":"https:\/\/www.saloanoticias.com\/v1\/wp-json\/wp\/v2\/users\/1"}],"replies":[{"embeddable":true,"href":"https:\/\/www.saloanoticias.com\/v1\/wp-json\/wp\/v2\/comments?post=2500"}],"version-history":[{"count":0,"href":"https:\/\/www.saloanoticias.com\/v1\/wp-json\/wp\/v2\/posts\/2500\/revisions"}],"wp:attachment":[{"href":"https:\/\/www.saloanoticias.com\/v1\/wp-json\/wp\/v2\/media?parent=2500"}],"wp:term":[{"taxonomy":"category","embeddable":true,"href":"https:\/\/www.saloanoticias.com\/v1\/wp-json\/wp\/v2\/categories?post=2500"},{"taxonomy":"post_tag","embeddable":true,"href":"https:\/\/www.saloanoticias.com\/v1\/wp-json\/wp\/v2\/tags?post=2500"}],"curies":[{"name":"wp","href":"https:\/\/api.w.org\/{rel}","templated":true}]}}