{"id":2499,"date":"2016-02-29T10:00:00","date_gmt":"2016-02-29T10:00:00","guid":{"rendered":"https:\/\/saloanoticias.mrmediaweb.com\/v1\/2016\/02\/29\/paulo-camara-recebe-ricardo-e-libera-mais-dinheiro-para-calcamento\/"},"modified":"2016-02-29T10:00:00","modified_gmt":"2016-02-29T10:00:00","slug":"paulo-camara-recebe-ricardo-e-libera-mais-dinheiro-para-calcamento","status":"publish","type":"post","link":"https:\/\/www.saloanoticias.com\/v1\/paulo-camara-recebe-ricardo-e-libera-mais-dinheiro-para-calcamento\/","title":{"rendered":"PAULO C\u00c2MARA RECEBE RICARDO E LIBERA MAIS DINHEIRO PARA CAL\u00c7AMENTO"},"content":{"rendered":"<p align=\"justify\"><font size=\"3\" face=\"Arial\"><a href=\"http:\/\/www.saloanoticias.com\/images\/vereador-ronaldinho-birunda-2_ea2b86a560260d28d4ba7b1fb749812b.jpg\"><img loading=\"lazy\" decoding=\"async\" title=\"Vereador Ronaldinho Birunda (2)\" style=\"border-top: 0px; border-right: 0px; background-image: none; border-bottom: 0px; float: none; padding-top: 0px; padding-left: 0px; margin: 0px auto 10px; border-left: 0px; display: block; padding-right: 0px\" border=\"0\" alt=\"Vereador Ronaldinho Birunda (2)\" src=\"http:\/\/www.saloanoticias.com\/v1\/wp-content\/uploads\/imagens\/vereador-ronaldinho-birunda-2_thumb_07df1749759354a7e0e2718b08d7484b.jpg\" width=\"1542\" height=\"975\"><\/a>O prefeito de Salo\u00e1\/PE esteve mais uma vez na capital do estado para um encontro com o governador de Pernambuco, Paulo C\u00e2mara (PSB), para pleitear mais recursos para o seu munic\u00edpio, que j\u00e1 vem sendo beneficiado com diversas a\u00e7\u00f5es, fruto dessa grande parceria entre o munic\u00edpio e o estado. O encontro aconteceu no Pal\u00e1cio do Campo das Princesas em Recife e contou ainda com a presen\u00e7a do Secret\u00e1rio de Gest\u00e3o e Planejamento, Danilo Cabral (PSB).<\/font><\/p>\n<p align=\"justify\"><a href=\"http:\/\/www.saloanoticias.com\/images\/ricardo-alves-10-1.jpg\"><img loading=\"lazy\" decoding=\"async\" title=\"Ricardo Alves 10 (1)\" style=\"border-left-width: 0px; border-right-width: 0px; background-image: none; border-bottom-width: 0px; float: none; padding-top: 0px; padding-left: 0px; margin-left: auto; display: block; padding-right: 0px; border-top-width: 0px; margin-right: auto\" border=\"0\" alt=\"Ricardo Alves 10 (1)\" src=\"http:\/\/www.saloanoticias.com\/v1\/wp-content\/uploads\/imagens\/ricardo-alves-10-1_thumb.jpg\" width=\"1502\" height=\"995\"><\/a><\/p>\n<p align=\"justify\"><font size=\"3\" face=\"Arial\">Na ocasi\u00e3o o prefeito requereu ao governador a libera\u00e7\u00e3o de recursos para constru\u00e7\u00e3o de cal\u00e7amentos em todas as ruas da cidade, o que foi atendido de pronto por C\u00e2mara. O aporte liberado ficou em torno de R$ 1.200.000,00 (Hum Milh\u00e3o e Duzentos Mil Reais), dinheiro suficiente para in\u00edcio e conclus\u00e3o das obras. Ricardo saiu mais uma vez muito feliz e gratificado pela aten\u00e7\u00e3o dispensada pelo governador, trazendo para sua pequena cidade mais recursos que promover\u00e3o mais qualidade de vida aos saloaenses.<\/font><\/p>\n<p align=\"justify\"><a href=\"http:\/\/www.saloanoticias.com\/images\/vereador-ronaldinho-birunda-1_33e13c5b468e2afd363b2ffec442dd4c.jpg\"><img loading=\"lazy\" decoding=\"async\" title=\"Vereador Ronaldinho Birunda (1)\" style=\"border-top: 0px; border-right: 0px; background-image: none; border-bottom: 0px; float: none; padding-top: 0px; padding-left: 0px; margin-left: auto; border-left: 0px; display: block; padding-right: 0px; margin-right: auto\" border=\"0\" alt=\"Vereador Ronaldinho Birunda (1)\" src=\"http:\/\/www.saloanoticias.com\/v1\/wp-content\/uploads\/imagens\/vereador-ronaldinho-birunda-1_thumb_f55336ef4022e71bc5e276828e81ad33.jpg\" width=\"1503\" height=\"996\"><\/a><\/p>\n<p align=\"justify\"><font size=\"3\" face=\"Arial\">A libera\u00e7\u00e3o dos recursos agora ficar\u00e1 a cargo do secret\u00e1rio Danilo Cabral, da gest\u00e3o e planejamento. Vale salientar a confian\u00e7a e prest\u00edgio que tem o prefeito de Salo\u00e1 junto ao governo do estado, o que torna a pequena cidade em uma das mais desenvolvidas do estado, com uma administra\u00e7\u00e3o s\u00e9ria e voltada para o social. Juntamente com o seu vice-prefeito Z\u00e9 Ant\u00f4nio do Leite, Ricardo vem proporcionando ao munic\u00edpio um desenvolvimento jamais visto, e isso tem sido comprovado por toda a popula\u00e7\u00e3o.<\/font><\/p>\n<p align=\"justify\"><font size=\"3\" face=\"Arial\">Uma outra reuni\u00e3o com o governador j\u00e1 est\u00e1 agendada para os pr\u00f3ximos 15 dias e fica a expectativa do que vir\u00e1 de bom agora para a cidade que n\u00e3o para de receber benef\u00edcios.<\/font> <font size=\"3\" face=\"Arial\">Com a chegada deste dinheiro liberado por C\u00e2mara, a cidade receber\u00e1 100% de cal\u00e7amento de paralelep\u00edpedo, inclusive sendo totalmente saneada, como j\u00e1 havia sido informado em outras oportunidades por este blog.&nbsp; Uma cidade para ser desenvolvida, precisa ter um grande investimento em saneamento b\u00e1sico, o que evita v\u00e1rias doen\u00e7as tropicais, que s\u00e3o as causadas por insetos e mosquitos.<\/font><\/p>\n<p align=\"justify\"><font size=\"3\" face=\"Arial\">Ricardo fez quest\u00e3o de agraceder imensamente ao secret\u00e1rio Danilo Cabral pelo apoio no pleito junto ao governador<\/font>. <font size=\"3\" face=\"Arial\">Quem esteve no encontro tamb\u00e9m foi o vereador Osvaldo Ronaldo Alves Cavalcante, o popular Ronaldinho Birunda (PSDB), ex-presidente da c\u00e2mara e atual l\u00edder do governo na Casa Jos\u00e9 Soares de Melo. Para o vereador, o prefeito n\u00e3o apenas tem a confian\u00e7a do governo, mas, tem uma grande amizade pessoal, o que facilita as conversas sobre as a\u00e7\u00f5es voltadas para a popula\u00e7\u00e3o. <\/font><font size=\"3\" face=\"Arial\">\u201c\u00c9 impressionante o clima cordial e de amizade entre Ricardo, Paulo e Danilo, disse o parlamentar.<\/font><\/p>\n<div style=\"margin-top: 0px; margin-bottom: 0px;\" class=\"sharethis-inline-share-buttons\" ><\/div>","protected":false},"excerpt":{"rendered":"<p>O prefeito de Salo\u00e1\/PE esteve mais uma vez na capital do estado para um encontro com o governador de Pernambuco, Paulo C\u00e2mara (PSB), para pleitear mais recursos para o seu munic\u00edpio, que j\u00e1 vem sendo beneficiado com diversas a\u00e7\u00f5es, fruto dessa grande parceria entre o munic\u00edpio e o estado. O encontro aconteceu no Pal\u00e1cio do [&hellip;]<\/p>\n","protected":false},"author":1,"featured_media":0,"comment_status":"open","ping_status":"open","sticky":false,"template":"","format":"standard","meta":{"footnotes":""},"categories":[2],"tags":[],"class_list":["post-2499","post","type-post","status-publish","format-standard","hentry","category-noticias-do-dia"],"_links":{"self":[{"href":"https:\/\/www.saloanoticias.com\/v1\/wp-json\/wp\/v2\/posts\/2499","targetHints":{"allow":["GET"]}}],"collection":[{"href":"https:\/\/www.saloanoticias.com\/v1\/wp-json\/wp\/v2\/posts"}],"about":[{"href":"https:\/\/www.saloanoticias.com\/v1\/wp-json\/wp\/v2\/types\/post"}],"author":[{"embeddable":true,"href":"https:\/\/www.saloanoticias.com\/v1\/wp-json\/wp\/v2\/users\/1"}],"replies":[{"embeddable":true,"href":"https:\/\/www.saloanoticias.com\/v1\/wp-json\/wp\/v2\/comments?post=2499"}],"version-history":[{"count":0,"href":"https:\/\/www.saloanoticias.com\/v1\/wp-json\/wp\/v2\/posts\/2499\/revisions"}],"wp:attachment":[{"href":"https:\/\/www.saloanoticias.com\/v1\/wp-json\/wp\/v2\/media?parent=2499"}],"wp:term":[{"taxonomy":"category","embeddable":true,"href":"https:\/\/www.saloanoticias.com\/v1\/wp-json\/wp\/v2\/categories?post=2499"},{"taxonomy":"post_tag","embeddable":true,"href":"https:\/\/www.saloanoticias.com\/v1\/wp-json\/wp\/v2\/tags?post=2499"}],"curies":[{"name":"wp","href":"https:\/\/api.w.org\/{rel}","templated":true}]}}