{"id":2497,"date":"2016-02-26T18:00:00","date_gmt":"2016-02-26T18:00:00","guid":{"rendered":"https:\/\/saloanoticias.mrmediaweb.com\/v1\/2016\/02\/26\/proerd-realiza-palestra-na-escola-sao-vicente\/"},"modified":"2016-02-26T18:00:00","modified_gmt":"2016-02-26T18:00:00","slug":"proerd-realiza-palestra-na-escola-sao-vicente","status":"publish","type":"post","link":"https:\/\/www.saloanoticias.com\/v1\/proerd-realiza-palestra-na-escola-sao-vicente\/","title":{"rendered":"PROERD REALIZA PALESTRA NA ESCOLA S\u00c3O VICENTE SOBRE VIOL\u00caNCIA"},"content":{"rendered":"<p align=\"justify\"><font size=\"3\" face=\"Arial\"><a href=\"http:\/\/www.saloanoticias.com\/images\/palestra-proerd-salo.jpg\"><img loading=\"lazy\" decoding=\"async\" title=\"Palestra Proerd Salo&aacute;\" style=\"border-top: 0px; border-right: 0px; background-image: none; border-bottom: 0px; float: none; padding-top: 0px; padding-left: 0px; margin: 0px auto 10px; border-left: 0px; display: block; padding-right: 0px\" border=\"0\" alt=\"Palestra Proerd Salo&aacute;\" src=\"http:\/\/www.saloanoticias.com\/v1\/wp-content\/uploads\/imagens\/palestra-proerd-salo_thumb.jpg\" width=\"1438\" height=\"890\"><\/a>Foi realizada uma palestra com a presen\u00e7a do Sargento PM, Jairo, do PROERD na escola S\u00e3o Vicente em Salo\u00e1\/PE. O evento aconteceu nesta quarta-feira (24\/02\/16) e contou com a participa\u00e7\u00e3o do soldado M\u00f4nica do NUPREV agreste, &#8220;N\u00daCLEO DE PREVEN\u00c7\u00c3O A VIOL\u00caNCIA&#8221;,com o tema: Preven\u00e7\u00e3o ao uso abusivo de drogas. O p\u00fablico alvo foram os alunos da referida escola e alunos do PROJOVEM. Segundo um dos participantes, movimentos como estes devem ser repetidos mais vezes, pois, assim os jovens se conscientizam das suas responsabilidades no meio da sociedade. Fotos: Professor Miguel Jr.<\/font><\/p>\n<p align=\"justify\"><a href=\"http:\/\/www.saloanoticias.com\/images\/proerd-so-vicente-saloa.jpg\"><img loading=\"lazy\" decoding=\"async\" title=\"PROERD S&atilde;o Vicente Saloa\" style=\"border-top: 0px; border-right: 0px; background-image: none; border-bottom: 0px; float: none; padding-top: 0px; padding-left: 0px; margin-left: auto; border-left: 0px; display: block; padding-right: 0px; margin-right: auto\" border=\"0\" alt=\"PROERD S&atilde;o Vicente Saloa\" src=\"http:\/\/www.saloanoticias.com\/v1\/wp-content\/uploads\/imagens\/proerd-so-vicente-saloa_thumb.jpg\" width=\"1445\" height=\"1924\"><\/a><\/p>\n<div style=\"margin-top: 0px; margin-bottom: 0px;\" class=\"sharethis-inline-share-buttons\" ><\/div>","protected":false},"excerpt":{"rendered":"<p>Foi realizada uma palestra com a presen\u00e7a do Sargento PM, Jairo, do PROERD na escola S\u00e3o Vicente em Salo\u00e1\/PE. O evento aconteceu nesta quarta-feira (24\/02\/16) e contou com a participa\u00e7\u00e3o do soldado M\u00f4nica do NUPREV agreste, &#8220;N\u00daCLEO DE PREVEN\u00c7\u00c3O A VIOL\u00caNCIA&#8221;,com o tema: Preven\u00e7\u00e3o ao uso abusivo de drogas. O p\u00fablico alvo foram os alunos [&hellip;]<\/p>\n","protected":false},"author":1,"featured_media":0,"comment_status":"open","ping_status":"open","sticky":false,"template":"","format":"standard","meta":{"footnotes":""},"categories":[2],"tags":[],"class_list":["post-2497","post","type-post","status-publish","format-standard","hentry","category-noticias-do-dia"],"_links":{"self":[{"href":"https:\/\/www.saloanoticias.com\/v1\/wp-json\/wp\/v2\/posts\/2497","targetHints":{"allow":["GET"]}}],"collection":[{"href":"https:\/\/www.saloanoticias.com\/v1\/wp-json\/wp\/v2\/posts"}],"about":[{"href":"https:\/\/www.saloanoticias.com\/v1\/wp-json\/wp\/v2\/types\/post"}],"author":[{"embeddable":true,"href":"https:\/\/www.saloanoticias.com\/v1\/wp-json\/wp\/v2\/users\/1"}],"replies":[{"embeddable":true,"href":"https:\/\/www.saloanoticias.com\/v1\/wp-json\/wp\/v2\/comments?post=2497"}],"version-history":[{"count":0,"href":"https:\/\/www.saloanoticias.com\/v1\/wp-json\/wp\/v2\/posts\/2497\/revisions"}],"wp:attachment":[{"href":"https:\/\/www.saloanoticias.com\/v1\/wp-json\/wp\/v2\/media?parent=2497"}],"wp:term":[{"taxonomy":"category","embeddable":true,"href":"https:\/\/www.saloanoticias.com\/v1\/wp-json\/wp\/v2\/categories?post=2497"},{"taxonomy":"post_tag","embeddable":true,"href":"https:\/\/www.saloanoticias.com\/v1\/wp-json\/wp\/v2\/tags?post=2497"}],"curies":[{"name":"wp","href":"https:\/\/api.w.org\/{rel}","templated":true}]}}