{"id":2496,"date":"2016-02-26T11:00:00","date_gmt":"2016-02-26T11:00:00","guid":{"rendered":"https:\/\/saloanoticias.mrmediaweb.com\/v1\/2016\/02\/26\/esc-manoel-tiago-mendes-comemora-aniversario-com-acao-social\/"},"modified":"2016-02-26T11:00:00","modified_gmt":"2016-02-26T11:00:00","slug":"esc-manoel-tiago-mendes-comemora-aniversario-com-acao-social","status":"publish","type":"post","link":"https:\/\/www.saloanoticias.com\/v1\/esc-manoel-tiago-mendes-comemora-aniversario-com-acao-social\/","title":{"rendered":"ESCOLA MANOEL TIAGO MENDES COMEMORA ANIVERS\u00c1RIO COM A\u00c7\u00c3O SOCIAL"},"content":{"rendered":"<p align=\"justify\"><font size=\"3\" face=\"Arial\"><a href=\"http:\/\/www.saloanoticias.com\/images\/manoel-tiago-mendes-prata.jpg\"><img loading=\"lazy\" decoding=\"async\" title=\"Manoel Tiago Mendes Prata\" style=\"border-top: 0px; border-right: 0px; background-image: none; border-bottom: 0px; float: none; padding-top: 0px; padding-left: 0px; margin: 0px auto 10px; border-left: 0px; display: block; padding-right: 0px\" border=\"0\" alt=\"Manoel Tiago Mendes Prata\" src=\"http:\/\/www.saloanoticias.com\/v1\/wp-content\/uploads\/imagens\/manoel-tiago-mendes-prata_thumb.jpg\" width=\"1492\" height=\"840\"><\/a>A escola Intermedi\u00e1ria Manoel Tiago Mendes da Vila de Iatec\u00e1, comemorou na \u00faltima ter\u00e7a-feira mais um ano de exist\u00eancia, e celebrou a data ao lado de seus alunos e professores com v\u00e1rias atividades sociais, promovidas pela secretaria de educa\u00e7\u00e3o e cultura do munic\u00edpio. O evento contou com a presen\u00e7a de educadores do SESC Garanhuns que realizaram v\u00e1rias atividades com os alunos, dentre elas dan\u00e7as, teatros e muita anima\u00e7\u00e3o. A festa contou ainda com a participa\u00e7\u00e3o dos policiais do PROERD.<\/font><\/p>\n<p align=\"justify\"><a href=\"http:\/\/www.saloanoticias.com\/images\/manoel-tiago-prata.jpg\"><img loading=\"lazy\" decoding=\"async\" title=\"Manoel Tiago Prata\" style=\"border-top: 0px; border-right: 0px; background-image: none; border-bottom: 0px; float: none; padding-top: 0px; padding-left: 0px; margin-left: auto; border-left: 0px; display: block; padding-right: 0px; margin-right: auto\" border=\"0\" alt=\"Manoel Tiago Prata\" src=\"http:\/\/www.saloanoticias.com\/v1\/wp-content\/uploads\/imagens\/manoel-tiago-prata_thumb.jpg\" width=\"1490\" height=\"1117\"><\/a><\/p>\n<div style=\"margin-top: 0px; margin-bottom: 0px;\" class=\"sharethis-inline-share-buttons\" ><\/div>","protected":false},"excerpt":{"rendered":"<p>A escola Intermedi\u00e1ria Manoel Tiago Mendes da Vila de Iatec\u00e1, comemorou na \u00faltima ter\u00e7a-feira mais um ano de exist\u00eancia, e celebrou a data ao lado de seus alunos e professores com v\u00e1rias atividades sociais, promovidas pela secretaria de educa\u00e7\u00e3o e cultura do munic\u00edpio. O evento contou com a presen\u00e7a de educadores do SESC Garanhuns que [&hellip;]<\/p>\n","protected":false},"author":1,"featured_media":0,"comment_status":"open","ping_status":"open","sticky":false,"template":"","format":"standard","meta":{"footnotes":""},"categories":[2],"tags":[],"class_list":["post-2496","post","type-post","status-publish","format-standard","hentry","category-noticias-do-dia"],"_links":{"self":[{"href":"https:\/\/www.saloanoticias.com\/v1\/wp-json\/wp\/v2\/posts\/2496","targetHints":{"allow":["GET"]}}],"collection":[{"href":"https:\/\/www.saloanoticias.com\/v1\/wp-json\/wp\/v2\/posts"}],"about":[{"href":"https:\/\/www.saloanoticias.com\/v1\/wp-json\/wp\/v2\/types\/post"}],"author":[{"embeddable":true,"href":"https:\/\/www.saloanoticias.com\/v1\/wp-json\/wp\/v2\/users\/1"}],"replies":[{"embeddable":true,"href":"https:\/\/www.saloanoticias.com\/v1\/wp-json\/wp\/v2\/comments?post=2496"}],"version-history":[{"count":0,"href":"https:\/\/www.saloanoticias.com\/v1\/wp-json\/wp\/v2\/posts\/2496\/revisions"}],"wp:attachment":[{"href":"https:\/\/www.saloanoticias.com\/v1\/wp-json\/wp\/v2\/media?parent=2496"}],"wp:term":[{"taxonomy":"category","embeddable":true,"href":"https:\/\/www.saloanoticias.com\/v1\/wp-json\/wp\/v2\/categories?post=2496"},{"taxonomy":"post_tag","embeddable":true,"href":"https:\/\/www.saloanoticias.com\/v1\/wp-json\/wp\/v2\/tags?post=2496"}],"curies":[{"name":"wp","href":"https:\/\/api.w.org\/{rel}","templated":true}]}}