{"id":2495,"date":"2016-02-26T02:31:00","date_gmt":"2016-02-26T02:31:00","guid":{"rendered":"https:\/\/saloanoticias.mrmediaweb.com\/v1\/2016\/02\/26\/sepultamento-de-pedro-gago-acontecera-as-5-00-hs-da-tarde-em-saloa\/"},"modified":"2016-02-26T02:31:00","modified_gmt":"2016-02-26T02:31:00","slug":"sepultamento-de-pedro-gago-acontecera-as-5-00-hs-da-tarde-em-saloa","status":"publish","type":"post","link":"https:\/\/www.saloanoticias.com\/v1\/sepultamento-de-pedro-gago-acontecera-as-5-00-hs-da-tarde-em-saloa\/","title":{"rendered":"SEPULTAMENTO DE PEDRO GAGO ACONTECE \u00c0S 17:00 HORAS DA TARDE EM SALO\u00c1\/PE"},"content":{"rendered":"<p align=\"justify\"><font size=\"3\" face=\"Arial\">A fam\u00edlia do Sr. Pedro Resende, mais conhecido por Pedro Gago, falecido na manh\u00e3 desta quinta-feira (25) na capital do estado, confirmou agora a pouco, que o sepultamento acontecer\u00e1 \u00e0s 17:00 horas desta sexta-feira (26) no cemit\u00e9rio Santa Quit\u00e9ria em Salo\u00e1\/PE. O vel\u00f3rio est\u00e1 sendo realizado na resid\u00eancia da fam\u00edlia na Avenida Get\u00falio Vargas no centro, de onde sair\u00e1 o cortejo f\u00fanebre. A fam\u00edlia desde j\u00e1 agradece aos que comparecerem a este ato de f\u00e9 e irmandade crist\u00e3.<\/font><\/p>\n<div style=\"margin-top: 0px; margin-bottom: 0px;\" class=\"sharethis-inline-share-buttons\" ><\/div>","protected":false},"excerpt":{"rendered":"<p>A fam\u00edlia do Sr. Pedro Resende, mais conhecido por Pedro Gago, falecido na manh\u00e3 desta quinta-feira (25) na capital do estado, confirmou agora a pouco, que o sepultamento acontecer\u00e1 \u00e0s 17:00 horas desta sexta-feira (26) no cemit\u00e9rio Santa Quit\u00e9ria em Salo\u00e1\/PE. O vel\u00f3rio est\u00e1 sendo realizado na resid\u00eancia da fam\u00edlia na Avenida Get\u00falio Vargas no [&hellip;]<\/p>\n","protected":false},"author":1,"featured_media":0,"comment_status":"open","ping_status":"open","sticky":false,"template":"","format":"standard","meta":{"footnotes":""},"categories":[2],"tags":[],"class_list":["post-2495","post","type-post","status-publish","format-standard","hentry","category-noticias-do-dia"],"_links":{"self":[{"href":"https:\/\/www.saloanoticias.com\/v1\/wp-json\/wp\/v2\/posts\/2495","targetHints":{"allow":["GET"]}}],"collection":[{"href":"https:\/\/www.saloanoticias.com\/v1\/wp-json\/wp\/v2\/posts"}],"about":[{"href":"https:\/\/www.saloanoticias.com\/v1\/wp-json\/wp\/v2\/types\/post"}],"author":[{"embeddable":true,"href":"https:\/\/www.saloanoticias.com\/v1\/wp-json\/wp\/v2\/users\/1"}],"replies":[{"embeddable":true,"href":"https:\/\/www.saloanoticias.com\/v1\/wp-json\/wp\/v2\/comments?post=2495"}],"version-history":[{"count":0,"href":"https:\/\/www.saloanoticias.com\/v1\/wp-json\/wp\/v2\/posts\/2495\/revisions"}],"wp:attachment":[{"href":"https:\/\/www.saloanoticias.com\/v1\/wp-json\/wp\/v2\/media?parent=2495"}],"wp:term":[{"taxonomy":"category","embeddable":true,"href":"https:\/\/www.saloanoticias.com\/v1\/wp-json\/wp\/v2\/categories?post=2495"},{"taxonomy":"post_tag","embeddable":true,"href":"https:\/\/www.saloanoticias.com\/v1\/wp-json\/wp\/v2\/tags?post=2495"}],"curies":[{"name":"wp","href":"https:\/\/api.w.org\/{rel}","templated":true}]}}