{"id":2494,"date":"2016-02-25T16:51:34","date_gmt":"2016-02-25T16:51:34","guid":{"rendered":"https:\/\/saloanoticias.mrmediaweb.com\/v1\/2016\/02\/25\/nota-de-falecimento-sr-pedro-gago\/"},"modified":"2016-02-25T16:51:34","modified_gmt":"2016-02-25T16:51:34","slug":"nota-de-falecimento-sr-pedro-gago","status":"publish","type":"post","link":"https:\/\/www.saloanoticias.com\/v1\/nota-de-falecimento-sr-pedro-gago\/","title":{"rendered":"NOTA DE FALECIMENTO: \u201cSR. PEDRO GAGO\u201d"},"content":{"rendered":"<p align=\"justify\"><font size=\"3\" face=\"Arial\"><a href=\"http:\/\/www.saloanoticias.com\/images\/nota-de-falecimento_25838d95af4e713cc36c3a52bea29a01.png\"><img loading=\"lazy\" decoding=\"async\" title=\"Nota de Falecimento\" style=\"border-top: 0px; border-right: 0px; background-image: none; border-bottom: 0px; float: left; padding-top: 0px; padding-left: 0px; margin: 5px 5px 0px 0px; border-left: 0px; display: inline; padding-right: 0px\" border=\"0\" alt=\"Nota de Falecimento\" src=\"http:\/\/www.saloanoticias.com\/v1\/wp-content\/uploads\/imagens\/nota-de-falecimento_thumb_8140fb90cf564ef3202495d5063b4455.png\" width=\"264\" align=\"left\" height=\"165\"><\/a>Faleceu \u00e0s 8 horas da manh\u00e3 desta quinta-feira (25) na capital do estado, o Sr. Pedro Gago, que residia na Avenida Get\u00falio Vargas no centro da cidade de Salo\u00e1\/PE. Pedro \u00e9 uma pessoa bastante conhecida na regi\u00e3o e casado com Alda do Cart\u00f3rio. Ele estava enfrentando s\u00e9rios problemas de sa\u00fade e foi transferido na \u00faltima sexta (5) para a capital depois de sofrer v\u00e1rias paradas card\u00edacas. O corpo de Pedro ainda est\u00e1 em Recife e dever\u00e1 chegar em Salo\u00e1 para ser velado no come\u00e7o da noite de hoje.<\/font><\/p>\n<p align=\"justify\"><font size=\"3\" face=\"Arial\">Os familiares nos informaram ainda que o sepultamento deve acontecer na manh\u00e3 desta sexta-feira (26). Pedro tinha 60 anos e deixa esposa, filhos e netos. A qualquer momento traremos mais informa\u00e7\u00f5es sobre este fato.<\/font><\/p>\n<div style=\"margin-top: 0px; margin-bottom: 0px;\" class=\"sharethis-inline-share-buttons\" ><\/div>","protected":false},"excerpt":{"rendered":"<p>Faleceu \u00e0s 8 horas da manh\u00e3 desta quinta-feira (25) na capital do estado, o Sr. Pedro Gago, que residia na Avenida Get\u00falio Vargas no centro da cidade de Salo\u00e1\/PE. Pedro \u00e9 uma pessoa bastante conhecida na regi\u00e3o e casado com Alda do Cart\u00f3rio. Ele estava enfrentando s\u00e9rios problemas de sa\u00fade e foi transferido na \u00faltima [&hellip;]<\/p>\n","protected":false},"author":1,"featured_media":0,"comment_status":"open","ping_status":"open","sticky":false,"template":"","format":"standard","meta":{"footnotes":""},"categories":[2],"tags":[],"class_list":["post-2494","post","type-post","status-publish","format-standard","hentry","category-noticias-do-dia"],"_links":{"self":[{"href":"https:\/\/www.saloanoticias.com\/v1\/wp-json\/wp\/v2\/posts\/2494","targetHints":{"allow":["GET"]}}],"collection":[{"href":"https:\/\/www.saloanoticias.com\/v1\/wp-json\/wp\/v2\/posts"}],"about":[{"href":"https:\/\/www.saloanoticias.com\/v1\/wp-json\/wp\/v2\/types\/post"}],"author":[{"embeddable":true,"href":"https:\/\/www.saloanoticias.com\/v1\/wp-json\/wp\/v2\/users\/1"}],"replies":[{"embeddable":true,"href":"https:\/\/www.saloanoticias.com\/v1\/wp-json\/wp\/v2\/comments?post=2494"}],"version-history":[{"count":0,"href":"https:\/\/www.saloanoticias.com\/v1\/wp-json\/wp\/v2\/posts\/2494\/revisions"}],"wp:attachment":[{"href":"https:\/\/www.saloanoticias.com\/v1\/wp-json\/wp\/v2\/media?parent=2494"}],"wp:term":[{"taxonomy":"category","embeddable":true,"href":"https:\/\/www.saloanoticias.com\/v1\/wp-json\/wp\/v2\/categories?post=2494"},{"taxonomy":"post_tag","embeddable":true,"href":"https:\/\/www.saloanoticias.com\/v1\/wp-json\/wp\/v2\/tags?post=2494"}],"curies":[{"name":"wp","href":"https:\/\/api.w.org\/{rel}","templated":true}]}}