{"id":2492,"date":"2016-02-25T10:00:00","date_gmt":"2016-02-25T10:00:00","guid":{"rendered":"https:\/\/saloanoticias.mrmediaweb.com\/v1\/2016\/02\/25\/prefeito-de-saloa-entregou-onibus-0km-a-populacao-na-manha-desta-quarta-24\/"},"modified":"2016-02-25T10:00:00","modified_gmt":"2016-02-25T10:00:00","slug":"prefeito-de-saloa-entregou-onibus-0km-a-populacao-na-manha-desta-quarta-24","status":"publish","type":"post","link":"https:\/\/www.saloanoticias.com\/v1\/prefeito-de-saloa-entregou-onibus-0km-a-populacao-na-manha-desta-quarta-24\/","title":{"rendered":"PREFEITO DE SALO\u00c1 ENTREGOU UM \u00d4NIBUS 0KM \u00c0 POPULA\u00c7\u00c3O NESTA QUARTA (24)"},"content":{"rendered":"<p align=\"justify\"><font size=\"3\" face=\"Arial\"><a href=\"http:\/\/www.saloanoticias.com\/images\/nibus-tfd-salo_65aaff50fba5f65bf57063e78b9d5af7.jpg\"><img loading=\"lazy\" decoding=\"async\" title=\"&Ocirc;nibus TFD Salo&aacute;\" style=\"border-left-width: 0px; border-right-width: 0px; background-image: none; border-bottom-width: 0px; float: none; padding-top: 0px; padding-left: 0px; margin: 0px auto 10px; display: block; padding-right: 0px; border-top-width: 0px\" border=\"0\" alt=\"&Ocirc;nibus TFD Salo&aacute;\" src=\"http:\/\/www.saloanoticias.com\/v1\/wp-content\/uploads\/imagens\/nibus-tfd-salo_thumb_fec6fe6014a3f75f0c2d67462e961cc7.jpg\" width=\"1522\" height=\"977\"><\/a>\u201cParece que a crise econ\u00f4mica n\u00e3o atingiu ainda o munic\u00edpio de Salo\u00e1\/PE\u201d, esse foi o coment\u00e1rio mais ouvido nas ruas da cidade durante esta quarta-feira (24), pelo fato de o gestor municipal ter entregue a popula\u00e7\u00e3o mais um ve\u00edculo 0km, que far\u00e1 o transporte dos pacientes que fazem consultas, exames e tratamentos na capital do estado, os chamados usu\u00e1rios do TFD (Tratamento Fora do Domic\u00edlio). O ve\u00edculo foi adquirido com recursos pr\u00f3prios da prefeitura e dever\u00e1 transformar a qualidade de vida dos saloaenses que precisam se descolar ao Recife todas as semanas.<\/font><\/p>\n<p align=\"justify\"><a href=\"http:\/\/www.saloanoticias.com\/images\/tfd-saloa.jpg\"><img loading=\"lazy\" decoding=\"async\" title=\"TFD Saloa\" style=\"border-left-width: 0px; border-right-width: 0px; background-image: none; border-bottom-width: 0px; float: none; padding-top: 0px; padding-left: 0px; margin-left: auto; display: block; padding-right: 0px; border-top-width: 0px; margin-right: auto\" border=\"0\" alt=\"TFD Saloa\" src=\"http:\/\/www.saloanoticias.com\/v1\/wp-content\/uploads\/imagens\/tfd-saloa_thumb.jpg\" width=\"1520\" height=\"1140\"><\/a><\/p>\n<p align=\"justify\"><font size=\"3\" face=\"Arial\">O carro \u00e9 novinho e tem capacidade para transportar 32 pessoas sentadas e ser\u00e1 equipado com televis\u00e3o, possui ar condicionado, bancos confort\u00e1veis e reclin\u00e1veis, o que permitir\u00e1 que at\u00e9 pacientes com tratamento mais delicado possam ser conduzidos com seguran\u00e7a. Esta aquisi\u00e7\u00e3o gerou uma imensa repercuss\u00e3o positiva nas redes sociais e grupos de Whatssapp, pessoas de Salo\u00e1 e de at\u00e9 outras cidades reconhecendo o brilhante trabalho do gestor saloaense que n\u00e3o mede esfor\u00e7os para cuidar da sa\u00fade das pessoas.<\/font><\/p>\n<p align=\"justify\"><a href=\"http:\/\/www.saloanoticias.com\/images\/tfd-salo.jpg\"><img loading=\"lazy\" decoding=\"async\" title=\"TFD Salo&aacute;\" style=\"border-left-width: 0px; border-right-width: 0px; background-image: none; border-bottom-width: 0px; float: none; padding-top: 0px; padding-left: 0px; margin-left: auto; display: block; padding-right: 0px; border-top-width: 0px; margin-right: auto\" border=\"0\" alt=\"TFD Salo&aacute;\" src=\"http:\/\/www.saloanoticias.com\/v1\/wp-content\/uploads\/imagens\/tfd-salo_thumb.jpg\" width=\"1522\" height=\"1052\"><\/a><\/p>\n<p align=\"justify\"><font size=\"3\" face=\"Arial\">O munic\u00edpio de Salo\u00e1 j\u00e1 era destaque na regi\u00e3o pela casa de apoio na capital, que recebe diariamente dezenas de pessoas, inclusive de outros munic\u00edpios, que recebem alimenta\u00e7\u00e3o e dormida, al\u00e9m de um \u00f3timo atendimento. <font size=\"3\" face=\"Arial\">Os pacientes que v\u00e3o ao Recife ficam com todo o conforto, tendo ainda um ve\u00edculo de pequeno porte que faz o translado dos pacientes pelos hospitais da cidade, e agora, com a aquisi\u00e7\u00e3o deste \u00f4nibus, o servi\u00e7o fica ainda mais completo e com qualidade.<\/font><\/font><\/p>\n<p align=\"justify\"><a href=\"http:\/\/www.saloanoticias.com\/images\/sec-de-sade-salo.jpg\"><img loading=\"lazy\" decoding=\"async\" title=\"SEC de Sa&uacute;de Salo&aacute;\" style=\"border-left-width: 0px; border-right-width: 0px; background-image: none; border-bottom-width: 0px; float: none; padding-top: 0px; padding-left: 0px; margin-left: auto; display: block; padding-right: 0px; border-top-width: 0px; margin-right: auto\" border=\"0\" alt=\"SEC de Sa&uacute;de Salo&aacute;\" src=\"http:\/\/www.saloanoticias.com\/v1\/wp-content\/uploads\/imagens\/sec-de-sade-salo_thumb.jpg\" width=\"1521\" height=\"1140\"><\/a><\/p>\n<p align=\"justify\"><font size=\"3\" face=\"Arial\">Este \u00f4nibus vai suprir uma grande necessidade que j\u00e1 vinha existindo, pois, muitas vezes a prefeitura tinha que disponibilizar v\u00e1rios carros para supri a demanda cotidiana<\/font><font size=\"3\" face=\"Arial\">. Perguntamos ao prefeito Ricardo Alves qual o segredo para se ter uma gest\u00e3o t\u00e3o eficiente e transparente, e ele nos respondeu que: \u201cIsso \u00e9 fruto de muito trabalho e planejamento, j\u00e1 que apesar dos poucos recursos que temos no munic\u00edpio, pode-se economizar para se investir em sa\u00fade\u201d, disse o gestor.<\/font><\/p>\n<p align=\"justify\"><a href=\"http:\/\/www.saloanoticias.com\/images\/tfd-salo1.jpg\"><img loading=\"lazy\" decoding=\"async\" title=\"TFD SALO&Aacute;1\" style=\"border-left-width: 0px; border-right-width: 0px; background-image: none; border-bottom-width: 0px; float: none; padding-top: 0px; padding-left: 0px; margin-left: auto; display: block; padding-right: 0px; border-top-width: 0px; margin-right: auto\" border=\"0\" alt=\"TFD SALO&Aacute;1\" src=\"http:\/\/www.saloanoticias.com\/v1\/wp-content\/uploads\/imagens\/tfd-salo1_thumb.jpg\" width=\"1517\" height=\"1139\"><\/a><\/p>\n<div style=\"margin-top: 0px; margin-bottom: 0px;\" class=\"sharethis-inline-share-buttons\" ><\/div>","protected":false},"excerpt":{"rendered":"<p>\u201cParece que a crise econ\u00f4mica n\u00e3o atingiu ainda o munic\u00edpio de Salo\u00e1\/PE\u201d, esse foi o coment\u00e1rio mais ouvido nas ruas da cidade durante esta quarta-feira (24), pelo fato de o gestor municipal ter entregue a popula\u00e7\u00e3o mais um ve\u00edculo 0km, que far\u00e1 o transporte dos pacientes que fazem consultas, exames e tratamentos na capital do [&hellip;]<\/p>\n","protected":false},"author":1,"featured_media":0,"comment_status":"open","ping_status":"open","sticky":false,"template":"","format":"standard","meta":{"footnotes":""},"categories":[2],"tags":[],"class_list":["post-2492","post","type-post","status-publish","format-standard","hentry","category-noticias-do-dia"],"_links":{"self":[{"href":"https:\/\/www.saloanoticias.com\/v1\/wp-json\/wp\/v2\/posts\/2492","targetHints":{"allow":["GET"]}}],"collection":[{"href":"https:\/\/www.saloanoticias.com\/v1\/wp-json\/wp\/v2\/posts"}],"about":[{"href":"https:\/\/www.saloanoticias.com\/v1\/wp-json\/wp\/v2\/types\/post"}],"author":[{"embeddable":true,"href":"https:\/\/www.saloanoticias.com\/v1\/wp-json\/wp\/v2\/users\/1"}],"replies":[{"embeddable":true,"href":"https:\/\/www.saloanoticias.com\/v1\/wp-json\/wp\/v2\/comments?post=2492"}],"version-history":[{"count":0,"href":"https:\/\/www.saloanoticias.com\/v1\/wp-json\/wp\/v2\/posts\/2492\/revisions"}],"wp:attachment":[{"href":"https:\/\/www.saloanoticias.com\/v1\/wp-json\/wp\/v2\/media?parent=2492"}],"wp:term":[{"taxonomy":"category","embeddable":true,"href":"https:\/\/www.saloanoticias.com\/v1\/wp-json\/wp\/v2\/categories?post=2492"},{"taxonomy":"post_tag","embeddable":true,"href":"https:\/\/www.saloanoticias.com\/v1\/wp-json\/wp\/v2\/tags?post=2492"}],"curies":[{"name":"wp","href":"https:\/\/api.w.org\/{rel}","templated":true}]}}