{"id":2491,"date":"2016-02-24T17:06:40","date_gmt":"2016-02-24T17:06:40","guid":{"rendered":"https:\/\/saloanoticias.mrmediaweb.com\/v1\/2016\/02\/24\/monsenhor-joao-marques-iniciou-seu-ano-letivo\/"},"modified":"2016-02-24T17:06:40","modified_gmt":"2016-02-24T17:06:40","slug":"monsenhor-joao-marques-iniciou-seu-ano-letivo","status":"publish","type":"post","link":"https:\/\/www.saloanoticias.com\/v1\/monsenhor-joao-marques-iniciou-seu-ano-letivo\/","title":{"rendered":"MONSENHOR JO\u00c3O MARQUES INICIOU SEU ANO LETIVO COM TEMAS DE SA\u00daDE"},"content":{"rendered":"<p align=\"justify\"><font size=\"3\" face=\"Arial\"><a href=\"http:\/\/www.saloanoticias.com\/images\/erem-mjm.jpg\"><img loading=\"lazy\" decoding=\"async\" title=\"EREM MJM\" style=\"border-top: 0px; border-right: 0px; background-image: none; border-bottom: 0px; float: none; padding-top: 0px; padding-left: 0px; margin: 0px auto 10px; border-left: 0px; display: block; padding-right: 0px\" border=\"0\" alt=\"EREM MJM\" src=\"http:\/\/www.saloanoticias.com\/v1\/wp-content\/uploads\/imagens\/erem-mjm_thumb.jpg\" width=\"1497\" height=\"843\"><\/a>Teve in\u00edcio esta semana as atividades educacionais na Escola de Refer\u00eancia em Ensino M\u00e9dio &#8211; Monsenhor Jo\u00e3o Marques,&nbsp; na cidade de Salo\u00e1\/PE. As a\u00e7\u00f5es foram marcadas pelo estudo e an\u00e1lise do Documento Preliminar da BNCC &#8211; Base Nacional Comum Curricular e sua proposta para implementa\u00e7\u00e3o do curr\u00edculo por \u00e1rea do conhecimento. Houve tamb\u00e9m a consolida\u00e7\u00e3o de estrat\u00e9gias de conscientiza\u00e7\u00e3o sobre o COMBATE AO AEDES AEGYPTI.<\/font><\/p>\n<p align=\"justify\"><a href=\"http:\/\/www.saloanoticias.com\/images\/erem-joo-marques_660458eaf992e6a7a4dcbeb5855b0619.jpg\"><img loading=\"lazy\" decoding=\"async\" title=\"EREM Jo&atilde;o Marques\" style=\"border-top: 0px; border-right: 0px; background-image: none; border-bottom: 0px; float: none; padding-top: 0px; padding-left: 0px; margin-left: auto; border-left: 0px; display: block; padding-right: 0px; margin-right: auto\" border=\"0\" alt=\"EREM Jo&atilde;o Marques\" src=\"http:\/\/www.saloanoticias.com\/v1\/wp-content\/uploads\/imagens\/erem-joo-marques_thumb_cc64bca6a5dd2192d4189e6e42270c2b.jpg\" width=\"1494\" height=\"1931\"><\/a><\/p>\n<p align=\"justify\"><font size=\"3\" face=\"Arial\">A escola destaca a import\u00e2ncia de que as institui\u00e7\u00f5es de ensino devem promover ainda mais esses temas, para tentar amenizar os preju\u00edzos causados pelo mosquito causador das diversas doen\u00e7as. Segundo a professora Jaqueline Gomes, esses assuntos dever\u00e3o ser intensificados no decorrer do ano letivo.<\/font><\/p>\n<div style=\"margin-top: 0px; margin-bottom: 0px;\" class=\"sharethis-inline-share-buttons\" ><\/div>","protected":false},"excerpt":{"rendered":"<p>Teve in\u00edcio esta semana as atividades educacionais na Escola de Refer\u00eancia em Ensino M\u00e9dio &#8211; Monsenhor Jo\u00e3o Marques,&nbsp; na cidade de Salo\u00e1\/PE. As a\u00e7\u00f5es foram marcadas pelo estudo e an\u00e1lise do Documento Preliminar da BNCC &#8211; Base Nacional Comum Curricular e sua proposta para implementa\u00e7\u00e3o do curr\u00edculo por \u00e1rea do conhecimento. Houve tamb\u00e9m a consolida\u00e7\u00e3o [&hellip;]<\/p>\n","protected":false},"author":1,"featured_media":0,"comment_status":"open","ping_status":"open","sticky":false,"template":"","format":"standard","meta":{"footnotes":""},"categories":[2],"tags":[],"class_list":["post-2491","post","type-post","status-publish","format-standard","hentry","category-noticias-do-dia"],"_links":{"self":[{"href":"https:\/\/www.saloanoticias.com\/v1\/wp-json\/wp\/v2\/posts\/2491","targetHints":{"allow":["GET"]}}],"collection":[{"href":"https:\/\/www.saloanoticias.com\/v1\/wp-json\/wp\/v2\/posts"}],"about":[{"href":"https:\/\/www.saloanoticias.com\/v1\/wp-json\/wp\/v2\/types\/post"}],"author":[{"embeddable":true,"href":"https:\/\/www.saloanoticias.com\/v1\/wp-json\/wp\/v2\/users\/1"}],"replies":[{"embeddable":true,"href":"https:\/\/www.saloanoticias.com\/v1\/wp-json\/wp\/v2\/comments?post=2491"}],"version-history":[{"count":0,"href":"https:\/\/www.saloanoticias.com\/v1\/wp-json\/wp\/v2\/posts\/2491\/revisions"}],"wp:attachment":[{"href":"https:\/\/www.saloanoticias.com\/v1\/wp-json\/wp\/v2\/media?parent=2491"}],"wp:term":[{"taxonomy":"category","embeddable":true,"href":"https:\/\/www.saloanoticias.com\/v1\/wp-json\/wp\/v2\/categories?post=2491"},{"taxonomy":"post_tag","embeddable":true,"href":"https:\/\/www.saloanoticias.com\/v1\/wp-json\/wp\/v2\/tags?post=2491"}],"curies":[{"name":"wp","href":"https:\/\/api.w.org\/{rel}","templated":true}]}}