{"id":2490,"date":"2016-02-24T11:00:00","date_gmt":"2016-02-24T11:00:00","guid":{"rendered":"https:\/\/saloanoticias.mrmediaweb.com\/v1\/2016\/02\/24\/vigilancia-sanitaria-de-saloa-intensifica-o-combate-ao-mosquito-aedes-aegypti-em-iateca\/"},"modified":"2016-02-24T11:00:00","modified_gmt":"2016-02-24T11:00:00","slug":"vigilancia-sanitaria-de-saloa-intensifica-o-combate-ao-mosquito-aedes-aegypti-em-iateca","status":"publish","type":"post","link":"https:\/\/www.saloanoticias.com\/v1\/vigilancia-sanitaria-de-saloa-intensifica-o-combate-ao-mosquito-aedes-aegypti-em-iateca\/","title":{"rendered":"\u201cVIGIL\u00c2NCIA SANIT\u00c1RIA\u201d E SECRETARIA DE SA\u00daDE DE SALO\u00c1 INTENSIFICAM O COMBATE AO MOSQUITO AEDES AEGYPTI EM IATEC\u00c1"},"content":{"rendered":"<p align=\"justify\"><font size=\"3\" face=\"Arial\"><a href=\"http:\/\/www.saloanoticias.com\/images\/vigilncia-sanitria-salo_aa9c2c2dadaaa779126e941b5225b39a.jpg\"><img loading=\"lazy\" decoding=\"async\" title=\"Vigil&acirc;ncia Sanit&aacute;ria Salo&aacute;\" style=\"border-left-width: 0px; border-right-width: 0px; background-image: none; border-bottom-width: 0px; float: none; padding-top: 0px; padding-left: 0px; margin: 0px auto 10px; display: block; padding-right: 0px; border-top-width: 0px\" border=\"0\" alt=\"Vigil&acirc;ncia Sanit&aacute;ria Salo&aacute;\" src=\"http:\/\/www.saloanoticias.com\/v1\/wp-content\/uploads\/imagens\/vigilncia-sanitria-salo_thumb_c1e3fb3bfcdf19193296bc0211f6adbf.jpg\" width=\"1495\" height=\"842\"><\/a>A Secretaria de Sa\u00fade de Salo\u00e1\/PE, juntamente com a vigil\u00e2ncia sanit\u00e1ria do munic\u00edpio, n\u00e3o est\u00e3o dando tr\u00e9gua no combate ao mosquito Aedes Aegypti no munic\u00edpio de Salo\u00e1, este que \u00e9 o hospedeiro do v\u00edrus Zyka, Chycungunya, Dengue e Microcefalia em beb\u00eas. Esta semana as equipes de sa\u00fade estiveram na vila de Iatec\u00e1 (Prata) fazendo um verdadeiro arrast\u00e3o do bem, agindo contra os focos e criat\u00f3rios do terr\u00edvel mosquito. Segundo Carlos Calado, que \u00e9 coordenador da vigil\u00e2ncia em Salo\u00e1, a guerra n\u00e3o pode parar, pois, se vacilar os mosquitos se reproduzem rapidamente.<\/font><\/p>\n<p align=\"justify\"><a href=\"http:\/\/www.saloanoticias.com\/images\/vigilncia-salo_4ccb4f56bfd593c162088913ce5d07bf.jpg\"><img loading=\"lazy\" decoding=\"async\" title=\"Vigil&acirc;ncia Salo&aacute;\" style=\"border-left-width: 0px; border-right-width: 0px; background-image: none; border-bottom-width: 0px; float: none; padding-top: 0px; padding-left: 0px; margin-left: auto; display: block; padding-right: 0px; border-top-width: 0px; margin-right: auto\" border=\"0\" alt=\"Vigil&acirc;ncia Salo&aacute;\" src=\"http:\/\/www.saloanoticias.com\/v1\/wp-content\/uploads\/imagens\/vigilncia-salo_thumb_78ac5fa1beef4c24083269ffd6d27c4e.jpg\" width=\"1494\" height=\"841\"><\/a><\/p>\n<p align=\"justify\"><font size=\"3\" face=\"Arial\">A secret\u00e1ria, Manuella Torres, tamb\u00e9m esteve pessoalmente no local acompanhando os trabalhos e, disse que gostou do que viu, v\u00e1rios agentes empenhados nesta grande luta. Um caminh\u00e3o ca\u00e7amba acompanhou os t\u00e9cnicos da sa\u00fade recolhendo os lixos das ruas, que s\u00e3o potenciais focos de reprodu\u00e7\u00e3o do mosquito. Foram recolhidos pneus, garrafas, vasos e at\u00e9 baldes que s\u00e3o entulhados pela popula\u00e7\u00e3o, praticamente no meio da rua.<\/font><\/p>\n<p align=\"justify\"><a href=\"http:\/\/www.saloanoticias.com\/images\/secretria-de-sade-salo_576a9237bcd5c6504fb384ccb329ad76.jpg\"><img loading=\"lazy\" decoding=\"async\" title=\"Secret&aacute;ria de Sa&uacute;de Salo&aacute;\" style=\"border-left-width: 0px; border-right-width: 0px; background-image: none; border-bottom-width: 0px; float: none; padding-top: 0px; padding-left: 0px; margin-left: auto; display: block; padding-right: 0px; border-top-width: 0px; margin-right: auto\" border=\"0\" alt=\"Secret&aacute;ria de Sa&uacute;de Salo&aacute;\" src=\"http:\/\/www.saloanoticias.com\/v1\/wp-content\/uploads\/imagens\/secretria-de-sade-salo_thumb_875a2fefc66a379e4e19b88093335323.jpg\" width=\"1500\" height=\"844\"><\/a><\/p>\n<p align=\"justify\"><font size=\"3\" face=\"Arial\">A vigil\u00e2ncia sanit\u00e1ria salienta que n\u00e3o adianta o poder p\u00fablico fazer sua parte limpando a cidade e atacando os criadouros do Aedes, se as pessoas tamb\u00e9m n\u00e3o fizerem sua parte. Cabe a cada um eliminar qualquer tipo de \u00e1gua parada, principalmente \u00e1gua limpa, pois, somente assim, teremos um resultado favor\u00e1vel contra essas doen\u00e7as que assolam nosso pa\u00eds. Vale destacar que Pernambuco \u00e9 o estado mais afetado pela microcefalia, que \u00e9 causado pelo Zyka V\u00edrus. Fotos: Carlos Calado<\/font><\/p>\n<p align=\"justify\"><a href=\"http:\/\/www.saloanoticias.com\/images\/dengue-salo_b8a4fd41147a86df160c5c36bc70860e.jpg\"><img loading=\"lazy\" decoding=\"async\" title=\"Dengue Salo&aacute;\" style=\"border-left-width: 0px; border-right-width: 0px; background-image: none; border-bottom-width: 0px; float: none; padding-top: 0px; padding-left: 0px; margin-left: auto; display: block; padding-right: 0px; border-top-width: 0px; margin-right: auto\" border=\"0\" alt=\"Dengue Salo&aacute;\" src=\"http:\/\/www.saloanoticias.com\/v1\/wp-content\/uploads\/imagens\/dengue-salo_thumb_8f5abaacd79d705f0687d36817382c44.jpg\" width=\"1505\" height=\"848\"><\/a><\/p>\n<div style=\"margin-top: 0px; margin-bottom: 0px;\" class=\"sharethis-inline-share-buttons\" ><\/div>","protected":false},"excerpt":{"rendered":"<p>A Secretaria de Sa\u00fade de Salo\u00e1\/PE, juntamente com a vigil\u00e2ncia sanit\u00e1ria do munic\u00edpio, n\u00e3o est\u00e3o dando tr\u00e9gua no combate ao mosquito Aedes Aegypti no munic\u00edpio de Salo\u00e1, este que \u00e9 o hospedeiro do v\u00edrus Zyka, Chycungunya, Dengue e Microcefalia em beb\u00eas. Esta semana as equipes de sa\u00fade estiveram na vila de Iatec\u00e1 (Prata) fazendo um [&hellip;]<\/p>\n","protected":false},"author":1,"featured_media":0,"comment_status":"open","ping_status":"open","sticky":false,"template":"","format":"standard","meta":{"footnotes":""},"categories":[2],"tags":[],"class_list":["post-2490","post","type-post","status-publish","format-standard","hentry","category-noticias-do-dia"],"_links":{"self":[{"href":"https:\/\/www.saloanoticias.com\/v1\/wp-json\/wp\/v2\/posts\/2490","targetHints":{"allow":["GET"]}}],"collection":[{"href":"https:\/\/www.saloanoticias.com\/v1\/wp-json\/wp\/v2\/posts"}],"about":[{"href":"https:\/\/www.saloanoticias.com\/v1\/wp-json\/wp\/v2\/types\/post"}],"author":[{"embeddable":true,"href":"https:\/\/www.saloanoticias.com\/v1\/wp-json\/wp\/v2\/users\/1"}],"replies":[{"embeddable":true,"href":"https:\/\/www.saloanoticias.com\/v1\/wp-json\/wp\/v2\/comments?post=2490"}],"version-history":[{"count":0,"href":"https:\/\/www.saloanoticias.com\/v1\/wp-json\/wp\/v2\/posts\/2490\/revisions"}],"wp:attachment":[{"href":"https:\/\/www.saloanoticias.com\/v1\/wp-json\/wp\/v2\/media?parent=2490"}],"wp:term":[{"taxonomy":"category","embeddable":true,"href":"https:\/\/www.saloanoticias.com\/v1\/wp-json\/wp\/v2\/categories?post=2490"},{"taxonomy":"post_tag","embeddable":true,"href":"https:\/\/www.saloanoticias.com\/v1\/wp-json\/wp\/v2\/tags?post=2490"}],"curies":[{"name":"wp","href":"https:\/\/api.w.org\/{rel}","templated":true}]}}