{"id":2489,"date":"2016-02-23T19:54:19","date_gmt":"2016-02-23T19:54:19","guid":{"rendered":"https:\/\/saloanoticias.mrmediaweb.com\/v1\/2016\/02\/23\/grave-acidente-deixa-uma-pessoa-morta-na-serra-dos-ventos-em-saloa-pe\/"},"modified":"2016-02-23T19:54:19","modified_gmt":"2016-02-23T19:54:19","slug":"grave-acidente-deixa-uma-pessoa-morta-na-serra-dos-ventos-em-saloa-pe","status":"publish","type":"post","link":"https:\/\/www.saloanoticias.com\/v1\/grave-acidente-deixa-uma-pessoa-morta-na-serra-dos-ventos-em-saloa-pe\/","title":{"rendered":"GRAV\u00cdSSIMO ACIDENTE DEIXA UMA PESSOA MORTA NA SERRA DOS VENTOS EM SALO\u00c1-PE"},"content":{"rendered":"<p align=\"justify\"><font size=\"3\" face=\"Arial\"><a href=\"http:\/\/www.saloanoticias.com\/images\/acidente-em-salo.jpg\"><img loading=\"lazy\" decoding=\"async\" title=\"Acidente em Salo&aacute;\" style=\"border-top: 0px; border-right: 0px; background-image: none; border-bottom: 0px; float: none; padding-top: 0px; padding-left: 0px; margin: 0px auto 10px; border-left: 0px; display: block; padding-right: 0px\" border=\"0\" alt=\"Acidente em Salo&aacute;\" src=\"http:\/\/www.saloanoticias.com\/v1\/wp-content\/uploads\/imagens\/acidente-em-salo_thumb.jpg\" width=\"1523\" height=\"857\"><\/a>Mais um grave acidente aconteceu na t\u00e3o falada Serra dos Ventos, na BR 423, que passa no munic\u00edpio de Salo\u00e1\/PE. O fato aconteceu por volta das 8:00 horas da manh\u00e3 desta ter\u00e7a-feira (23) e deixou de saldo pelo menos uma v\u00edtima fatal. Pelas informa\u00e7\u00f5es que tivemos, uma carreta carregada de ra\u00e7\u00e3o animal tombou em uma das curvas e capotou tirando a vida do motorista de nome ainda n\u00e3o identificado.&nbsp; Ap\u00f3s o acidente, os Bombeiros Militares foram acionados e retiraram a v\u00edtima das ferragens.<\/font><\/p>\n<p align=\"justify\"><a href=\"http:\/\/www.saloanoticias.com\/images\/acidente-serra-dos-ventos-saloa.jpg\"><img loading=\"lazy\" decoding=\"async\" title=\"Acidente Serra dos Ventos Saloa\" style=\"border-top: 0px; border-right: 0px; background-image: none; border-bottom: 0px; float: none; padding-top: 0px; padding-left: 0px; margin-left: auto; border-left: 0px; display: block; padding-right: 0px; margin-right: auto\" border=\"0\" alt=\"Acidente Serra dos Ventos Saloa\" src=\"http:\/\/www.saloanoticias.com\/v1\/wp-content\/uploads\/imagens\/acidente-serra-dos-ventos-saloa_thumb.jpg\" width=\"1515\" height=\"853\"><\/a><\/p>\n<p align=\"justify\"><font size=\"3\" face=\"Arial\">Este \u00e9 mais um dos diversos acidentes ocorridos neste trecho da BR 423, que \u00e9 considerado como um dos mais perigosos do pa\u00eds, sendo pelo perigo das curvas ou pelos constantes assaltos. Pelas imagens, percebe-se que v\u00e1rias pessoas estiveram no local e levaram boa parte da carga que estava espalhada na pista. A qualquer momento traremos mais informa\u00e7\u00f5es sobre este assunto. Fotos feitas por Gustavo Teles e enviadas pelo Whatssapp<\/font><\/p>\n<div style=\"margin-top: 0px; margin-bottom: 0px;\" class=\"sharethis-inline-share-buttons\" ><\/div>","protected":false},"excerpt":{"rendered":"<p>Mais um grave acidente aconteceu na t\u00e3o falada Serra dos Ventos, na BR 423, que passa no munic\u00edpio de Salo\u00e1\/PE. O fato aconteceu por volta das 8:00 horas da manh\u00e3 desta ter\u00e7a-feira (23) e deixou de saldo pelo menos uma v\u00edtima fatal. Pelas informa\u00e7\u00f5es que tivemos, uma carreta carregada de ra\u00e7\u00e3o animal tombou em uma [&hellip;]<\/p>\n","protected":false},"author":1,"featured_media":0,"comment_status":"open","ping_status":"open","sticky":false,"template":"","format":"standard","meta":{"footnotes":""},"categories":[2],"tags":[],"class_list":["post-2489","post","type-post","status-publish","format-standard","hentry","category-noticias-do-dia"],"_links":{"self":[{"href":"https:\/\/www.saloanoticias.com\/v1\/wp-json\/wp\/v2\/posts\/2489","targetHints":{"allow":["GET"]}}],"collection":[{"href":"https:\/\/www.saloanoticias.com\/v1\/wp-json\/wp\/v2\/posts"}],"about":[{"href":"https:\/\/www.saloanoticias.com\/v1\/wp-json\/wp\/v2\/types\/post"}],"author":[{"embeddable":true,"href":"https:\/\/www.saloanoticias.com\/v1\/wp-json\/wp\/v2\/users\/1"}],"replies":[{"embeddable":true,"href":"https:\/\/www.saloanoticias.com\/v1\/wp-json\/wp\/v2\/comments?post=2489"}],"version-history":[{"count":0,"href":"https:\/\/www.saloanoticias.com\/v1\/wp-json\/wp\/v2\/posts\/2489\/revisions"}],"wp:attachment":[{"href":"https:\/\/www.saloanoticias.com\/v1\/wp-json\/wp\/v2\/media?parent=2489"}],"wp:term":[{"taxonomy":"category","embeddable":true,"href":"https:\/\/www.saloanoticias.com\/v1\/wp-json\/wp\/v2\/categories?post=2489"},{"taxonomy":"post_tag","embeddable":true,"href":"https:\/\/www.saloanoticias.com\/v1\/wp-json\/wp\/v2\/tags?post=2489"}],"curies":[{"name":"wp","href":"https:\/\/api.w.org\/{rel}","templated":true}]}}