{"id":2487,"date":"2016-02-22T23:30:00","date_gmt":"2016-02-22T23:30:00","guid":{"rendered":"https:\/\/saloanoticias.mrmediaweb.com\/v1\/2016\/02\/22\/mais-um-escandalo-envolvendo-lula-dilma-e-o-pt\/"},"modified":"2016-02-22T23:30:00","modified_gmt":"2016-02-22T23:30:00","slug":"mais-um-escandalo-envolvendo-lula-dilma-e-o-pt","status":"publish","type":"post","link":"https:\/\/www.saloanoticias.com\/v1\/mais-um-escandalo-envolvendo-lula-dilma-e-o-pt\/","title":{"rendered":"MAIS UM ESCANDALO ENVOLVENDO LULA, O PT E A PRESIDENTE DILMA ROUSSEFF"},"content":{"rendered":"<p align=\"justify\"><a href=\"http:\/\/oglobo.globo.com\/brasil\/nova-fase-da-lava-jato-tem-marqueteiro-joao-santana-como-alvo-18720693\"><font size=\"3\" face=\"Arial\"><img loading=\"lazy\" decoding=\"async\" title=\"Lula e Dilma\" style=\"border-top: 0px; border-right: 0px; background-image: none; border-bottom: 0px; float: none; padding-top: 0px; padding-left: 0px; margin: 0px auto 10px; border-left: 0px; display: block; padding-right: 0px\" border=\"0\" alt=\"Lula e Dilma\" src=\"http:\/\/www.saloanoticias.com\/v1\/wp-content\/uploads\/imagens\/lula-e-dilma.jpg\" width=\"1436\" height=\"808\">Deflagrada nesta segunda-feira, a 23\u00aa fase da Opera\u00e7\u00e3o Lava-Jato investiga os pagamentos feitos ao publicit\u00e1rio Jo\u00e3o Santana<\/font><\/a><font size=\"3\" face=\"Arial\">, coordenador das campanhas eleitorais que levaram Luiz In\u00e1cio Lula da Silva e Dilma Rousseff \u00e0 Presid\u00eancia. O marqueteiro \u00e9 suspeito de receber US$ 7,5 milh\u00f5es em contas no exterior entre 2012 e 2014. Os valores teriam sido pagos pela offshore Klienfeld, identificada pela for\u00e7a-tarefa como um dos caminhos de propina da Odebrecht no exterior, e pelo engenheiro Zwi Skornicki, suspeito de operar o esquema de propina na Petrobras. A suspeita \u00e9 de que os pagamentos correspondem a servi\u00e7os eleitorais prestados ao PT.<\/font> <\/p>\n<p align=\"justify\"><font size=\"3\" face=\"Arial\">Chama \u00e0 aten\u00e7\u00e3o, e por isso a gente imputa o crime de lavagem (de dinheiro) a Jo\u00e3o Santana, que nos extratos do Citibank h\u00e1 clara refer\u00eancia de que os dep\u00f3sitos estavam relacionados a contratos \u2014 afirmou o delegado Filipe Hille Pace. <\/font><font size=\"3\" face=\"Arial\">A nova fase da Lava-Jato foi batizada de &#8220;Acaraj\u00e9&#8221; em alus\u00e3o ao termo utilizado por investigados para denominar dinheiro em esp\u00e9cie. Foram expedidos mandados de pris\u00e3o tempor\u00e1ria para Jo\u00e3o Santana e sua mulher e s\u00f3cia, Monica Moura.<\/font> <\/p>\n<p align=\"justify\"><font size=\"3\" face=\"Arial\">Os dois est\u00e3o na Rep\u00fablica Dominicana, <\/font><a href=\"http:\/\/blogs.oglobo.globo.com\/lauro-jardim\/post\/joao-santana-temporada-na-republica-dominicana.html\"><font size=\"3\" face=\"Arial\">onde trabalham na campanha de Danilo Medina \u00e0 reelei\u00e7\u00e3o.<\/font><\/a><font size=\"3\" face=\"Arial\"> Os nomes de ambos ser\u00e3o inclu\u00eddos na lista da Interpol em alerta vermelho. Segundo sua assessoria, Santana vai se apresentar \u00e0 PF junto com Monica. <\/font><font size=\"3\" face=\"Arial\">Apontado pela Pol\u00edcia Federal como um dos maiores operadores de propina da Petrobras, o engenheiro Zwi Skornicki foi preso preventivamente na manh\u00e3 desta segunda-feira em casa, na Barra da Tijuca, no Rio. A for\u00e7a-tarefa da investiga\u00e7\u00e3o informou que foram cumpridos mandados de pris\u00e3o tempor\u00e1ria contra Vinicius Veiga Borin e Maria Lucia Guimar\u00e3es Tavares, que \u00e9 secret\u00e1ria da Odebrecht.<\/font> <\/p>\n<p align=\"justify\"><font size=\"3\" face=\"Arial\">Tamb\u00e9m h\u00e1 mandando de pris\u00e3o tempor\u00e1ria para Benedito Barbosa, presidente de Infraestrutura da Odebrecht; e Marcelo Rodrigues. J\u00e1 Fernando Migliaccio, respons\u00e1vel por finan\u00e7as estruturadas nacionais da Odebrecht, \u00e9 alvo de um mandado de pris\u00e3o preventiva. No entanto, eles n\u00e3o foram localizados. <\/font><font size=\"3\" face=\"Arial\">Preso desde junho do ano passado, o empres\u00e1rio Marcelo Odebrecht teve um novo pedido de pris\u00e3o negado pelo juiz S\u00e9rio Moro. Ele est\u00e1 no Compleco M\u00e9dico Penal e ser\u00e1 levado a depor na sede da PF nesta segunda-feira.<\/font> <\/p>\n<p align=\"justify\"><font size=\"3\" face=\"Arial\">A opera\u00e7\u00e3o envolveu cerca de 300 agentes da Pol\u00edcia Federal nesta segunda. Foram cumpridos 51 mandados, sendo 38 de busca e apreens\u00e3o, 2 de pris\u00e3o preventiva (Zwi Skornicki e Fernando Migliaccio), 6 de pris\u00e3o tempor\u00e1ria (Jo\u00e3o Santana, Monica Moura, Vinicius Boni, Maria L\u00facia Tavares, Benedito Barbosa e Marcelo Rodrigues) e 5 de condu\u00e7\u00e3o coercitiva. As a\u00e7\u00f5es aconteceram em tr\u00eas estados. No Rio, os agentes estiveram na capital, em Angra, Petr\u00f3polis e Mangaratiba. Tamb\u00e9m houve cumprimento de mandados na capital paulista, em Campinas e Po\u00e1, em S\u00e3o Paulo. Na Bahia, os policiais federais atuaram em Salvador e Cama\u00e7ari.<\/font> <\/p>\n<p align=\"justify\"><font size=\"3\" face=\"Arial\">Os agentes da Pol\u00edcia Federal cumpriram mandados em sedes da Odebrecht no Rio, em S\u00e3o Paulo e na Bahia. Dois carros da PF foram \u00e0 Odebrecht \u00d3leo e G\u00e1s, na Avenida Pasteur, e na sede da construtora, na Praia de Botafogo, ambos no Rio. Eles chegaram ao local antes das 7h. <\/font><font size=\"3\" face=\"Arial\">Na sede da Odebrecht \u00d3leo e G\u00e1s no Rio, funcion\u00e1rios foram dispensados ap\u00f3s a chegada dos policiais. S\u00f3 ficaram no pr\u00e9dio aqueles cujo trabalho seria essencial para o desenrolar da opera\u00e7\u00e3o, como, por exemplo, o fornecimento de senhas dos computadores.<\/font> <\/p>\n<p align=\"justify\"><font size=\"3\" face=\"Arial\">As portas foram fechadas e ningu\u00e9m pode entrar. Por volta das 10h30m, um entregador que precisava levar um pacote para uma funcion\u00e1ria foi barrado e precisou voltar. <\/font><font size=\"3\" face=\"Arial\">Em nota, a Odebrecht informou que a empresa \u201cest\u00e1 \u00e0 disposi\u00e7\u00e3o das autoridades para colaborar com a opera\u00e7\u00e3o em andamento\u201d. Fonte: O Globo<\/font><\/p>\n<div style=\"margin-top: 0px; margin-bottom: 0px;\" class=\"sharethis-inline-share-buttons\" ><\/div>","protected":false},"excerpt":{"rendered":"<p>Deflagrada nesta segunda-feira, a 23\u00aa fase da Opera\u00e7\u00e3o Lava-Jato investiga os pagamentos feitos ao publicit\u00e1rio Jo\u00e3o Santana, coordenador das campanhas eleitorais que levaram Luiz In\u00e1cio Lula da Silva e Dilma Rousseff \u00e0 Presid\u00eancia. O marqueteiro \u00e9 suspeito de receber US$ 7,5 milh\u00f5es em contas no exterior entre 2012 e 2014. Os valores teriam sido pagos [&hellip;]<\/p>\n","protected":false},"author":1,"featured_media":0,"comment_status":"open","ping_status":"open","sticky":false,"template":"","format":"standard","meta":{"footnotes":""},"categories":[2],"tags":[],"class_list":["post-2487","post","type-post","status-publish","format-standard","hentry","category-noticias-do-dia"],"_links":{"self":[{"href":"https:\/\/www.saloanoticias.com\/v1\/wp-json\/wp\/v2\/posts\/2487","targetHints":{"allow":["GET"]}}],"collection":[{"href":"https:\/\/www.saloanoticias.com\/v1\/wp-json\/wp\/v2\/posts"}],"about":[{"href":"https:\/\/www.saloanoticias.com\/v1\/wp-json\/wp\/v2\/types\/post"}],"author":[{"embeddable":true,"href":"https:\/\/www.saloanoticias.com\/v1\/wp-json\/wp\/v2\/users\/1"}],"replies":[{"embeddable":true,"href":"https:\/\/www.saloanoticias.com\/v1\/wp-json\/wp\/v2\/comments?post=2487"}],"version-history":[{"count":0,"href":"https:\/\/www.saloanoticias.com\/v1\/wp-json\/wp\/v2\/posts\/2487\/revisions"}],"wp:attachment":[{"href":"https:\/\/www.saloanoticias.com\/v1\/wp-json\/wp\/v2\/media?parent=2487"}],"wp:term":[{"taxonomy":"category","embeddable":true,"href":"https:\/\/www.saloanoticias.com\/v1\/wp-json\/wp\/v2\/categories?post=2487"},{"taxonomy":"post_tag","embeddable":true,"href":"https:\/\/www.saloanoticias.com\/v1\/wp-json\/wp\/v2\/tags?post=2487"}],"curies":[{"name":"wp","href":"https:\/\/api.w.org\/{rel}","templated":true}]}}