{"id":2485,"date":"2016-02-21T20:35:18","date_gmt":"2016-02-21T20:35:18","guid":{"rendered":"https:\/\/saloanoticias.mrmediaweb.com\/v1\/2016\/02\/21\/termina-hoje-o-42-aniversario-do-conjunto-vencedores-por-cristo\/"},"modified":"2016-02-21T20:35:18","modified_gmt":"2016-02-21T20:35:18","slug":"termina-hoje-o-42-aniversario-do-conjunto-vencedores-por-cristo","status":"publish","type":"post","link":"https:\/\/www.saloanoticias.com\/v1\/termina-hoje-o-42-aniversario-do-conjunto-vencedores-por-cristo\/","title":{"rendered":"42\u00ba ANIVERS\u00c1RIO DO CONJ. \u201cVENCEDORES POR CRISTO\u201d CONTINUA NESTE DOMINGO"},"content":{"rendered":"<p align=\"justify\"><font size=\"3\" face=\"Arial\"><a href=\"http:\/\/www.saloanoticias.com\/images\/vencedores-por-cristo-salo.jpg\"><img loading=\"lazy\" decoding=\"async\" title=\"Vencedores por Cristo Salo&aacute;\" style=\"border-top: 0px; border-right: 0px; background-image: none; border-bottom: 0px; float: none; padding-top: 0px; padding-left: 0px; margin: 0px auto 10px; border-left: 0px; display: block; padding-right: 0px\" border=\"0\" alt=\"Vencedores por Cristo Salo&aacute;\" src=\"http:\/\/www.saloanoticias.com\/v1\/wp-content\/uploads\/imagens\/vencedores-por-cristo-salo_thumb.jpg\" width=\"1486\" height=\"941\"><\/a>A Igreja Evang\u00e9lica Assembleia de Deus em Pernambuco com filial na cidade de Salo\u00e1, est\u00e1 realizando neste final de semana a festividade em comemora\u00e7\u00e3o dos 42 anos de exist\u00eancia do Conjunto Vencedores por Cristo, conjunto que \u00e9 formado pela juventude da igreja. Na noite de ontem, s\u00e1bado (20), estiveram presentes as mocidades das cidade de Canhotinho e Cal\u00e7ado e quem ministrou a Santa Palavra de Deus foi o pastor Elias, vindo da cidade de Bu\u00edque, no sert\u00e3o do estado, ele que foi enviado pelo pastor presidente Ailton Jos\u00e9 Alves.<\/font><\/p>\n<p align=\"justify\"><a href=\"http:\/\/www.saloanoticias.com\/images\/pastor-elias-salo.jpg\"><img loading=\"lazy\" decoding=\"async\" title=\"Pastor Elias Salo&aacute;\" style=\"border-top: 0px; border-right: 0px; background-image: none; border-bottom: 0px; float: none; padding-top: 0px; padding-left: 0px; margin-left: auto; border-left: 0px; display: block; padding-right: 0px; margin-right: auto\" border=\"0\" alt=\"Pastor Elias Salo&aacute;\" src=\"http:\/\/www.saloanoticias.com\/v1\/wp-content\/uploads\/imagens\/pastor-elias-salo_thumb.jpg\" width=\"1482\" height=\"939\"><\/a><\/p>\n<p align=\"justify\"><font size=\"3\" face=\"Arial\">As comemora\u00e7\u00f5es continuam neste domingo (21), com a participa\u00e7\u00e3o dos conjuntos de jovens vindos das cidades de S\u00e3o Jo\u00e3o e Iat\u00ed. A mocidade da Assembleia de Salo\u00e1 tem a Coodena\u00e7\u00e3o Geral do Auxiliar de Trabalho F\u00e1bio Melo, vice o Presb\u00edtero Ant\u00f4nio Zacarias, Dirigente da Mocidade, Auxiliar M\u00e1rcio Ferreira e Vice-Dirigente o Auxiliar Cl\u00e9dson. J\u00e1 o Conjunto da Mocidade tem como maestrinas as irm\u00e3s Elizama Calado, Raquel e Carla Brito.<\/font><\/p>\n<p align=\"justify\"><a href=\"http:\/\/www.saloanoticias.com\/images\/viglia-ad-salope.jpg\"><img loading=\"lazy\" decoding=\"async\" title=\"Vig&iacute;lia AD Salo&aacute;PE\" style=\"border-top: 0px; border-right: 0px; background-image: none; border-bottom: 0px; float: none; padding-top: 0px; padding-left: 0px; margin-left: auto; border-left: 0px; display: block; padding-right: 0px; margin-right: auto\" border=\"0\" alt=\"Vig&iacute;lia AD Salo&aacute;PE\" src=\"http:\/\/www.saloanoticias.com\/v1\/wp-content\/uploads\/imagens\/viglia-ad-salope_thumb.jpg\" width=\"1481\" height=\"938\"><\/a><\/p>\n<p align=\"justify\"><font size=\"3\" face=\"Arial\">Completam a dire\u00e7\u00e3o os irm\u00e3so Lodonhos e Herwllyn, que s\u00e3o secret\u00e1rios. A AD em Salo\u00e1 fica localizada na Rua Rold\u00e3o Ten\u00f3rio Cavalcante, n.\u00ba 100, no centro de Salo\u00e1\/PE, e tem a gest\u00e3o do Pastor Ademir Barbosa.<\/font><\/p>\n<p align=\"justify\"><a href=\"http:\/\/www.saloanoticias.com\/images\/salo-saneamento_b0cc28e08b8dfcd2fdb15434609a250c.jpg\"><img loading=\"lazy\" decoding=\"async\" title=\"Salo&aacute; Saneamento\" style=\"border-top: 0px; border-right: 0px; background-image: none; border-bottom: 0px; float: none; padding-top: 0px; padding-left: 0px; margin-left: auto; border-left: 0px; display: block; padding-right: 0px; margin-right: auto\" border=\"0\" alt=\"Salo&aacute; Saneamento\" src=\"http:\/\/www.saloanoticias.com\/v1\/wp-content\/uploads\/imagens\/salo-saneamento_thumb_0c05ac8dcfbc5e1b687614856698466e.jpg\" width=\"1485\" height=\"911\"><\/a><\/p>\n<div style=\"margin-top: 0px; margin-bottom: 0px;\" class=\"sharethis-inline-share-buttons\" ><\/div>","protected":false},"excerpt":{"rendered":"<p>A Igreja Evang\u00e9lica Assembleia de Deus em Pernambuco com filial na cidade de Salo\u00e1, est\u00e1 realizando neste final de semana a festividade em comemora\u00e7\u00e3o dos 42 anos de exist\u00eancia do Conjunto Vencedores por Cristo, conjunto que \u00e9 formado pela juventude da igreja. Na noite de ontem, s\u00e1bado (20), estiveram presentes as mocidades das cidade de [&hellip;]<\/p>\n","protected":false},"author":1,"featured_media":0,"comment_status":"open","ping_status":"open","sticky":false,"template":"","format":"standard","meta":{"footnotes":""},"categories":[2],"tags":[],"class_list":["post-2485","post","type-post","status-publish","format-standard","hentry","category-noticias-do-dia"],"_links":{"self":[{"href":"https:\/\/www.saloanoticias.com\/v1\/wp-json\/wp\/v2\/posts\/2485","targetHints":{"allow":["GET"]}}],"collection":[{"href":"https:\/\/www.saloanoticias.com\/v1\/wp-json\/wp\/v2\/posts"}],"about":[{"href":"https:\/\/www.saloanoticias.com\/v1\/wp-json\/wp\/v2\/types\/post"}],"author":[{"embeddable":true,"href":"https:\/\/www.saloanoticias.com\/v1\/wp-json\/wp\/v2\/users\/1"}],"replies":[{"embeddable":true,"href":"https:\/\/www.saloanoticias.com\/v1\/wp-json\/wp\/v2\/comments?post=2485"}],"version-history":[{"count":0,"href":"https:\/\/www.saloanoticias.com\/v1\/wp-json\/wp\/v2\/posts\/2485\/revisions"}],"wp:attachment":[{"href":"https:\/\/www.saloanoticias.com\/v1\/wp-json\/wp\/v2\/media?parent=2485"}],"wp:term":[{"taxonomy":"category","embeddable":true,"href":"https:\/\/www.saloanoticias.com\/v1\/wp-json\/wp\/v2\/categories?post=2485"},{"taxonomy":"post_tag","embeddable":true,"href":"https:\/\/www.saloanoticias.com\/v1\/wp-json\/wp\/v2\/tags?post=2485"}],"curies":[{"name":"wp","href":"https:\/\/api.w.org\/{rel}","templated":true}]}}