{"id":2484,"date":"2016-02-22T12:00:00","date_gmt":"2016-02-22T12:00:00","guid":{"rendered":"https:\/\/saloanoticias.mrmediaweb.com\/v1\/2016\/02\/22\/psb-realiza-agenda-40-em-garanhuns\/"},"modified":"2016-02-22T12:00:00","modified_gmt":"2016-02-22T12:00:00","slug":"psb-realiza-agenda-40-em-garanhuns","status":"publish","type":"post","link":"https:\/\/www.saloanoticias.com\/v1\/psb-realiza-agenda-40-em-garanhuns\/","title":{"rendered":"PSB REALIZOU AGENDA 40 EM GARANHUNS"},"content":{"rendered":"<p align=\"justify\"><font size=\"3\" face=\"Arial\"><a href=\"http:\/\/www.saloanoticias.com\/images\/agenda-40.jpg\"><img loading=\"lazy\" decoding=\"async\" title=\"Agenda 40\" style=\"border-left-width: 0px; border-right-width: 0px; background-image: none; border-bottom-width: 0px; float: left; padding-top: 0px; padding-left: 0px; margin: 5px 5px 0px 0px; display: inline; padding-right: 0px; border-top-width: 0px\" border=\"0\" alt=\"Agenda 40\" src=\"http:\/\/www.saloanoticias.com\/v1\/wp-content\/uploads\/imagens\/agenda-40_thumb.jpg\" width=\"296\" align=\"left\" height=\"196\"><\/a>O PSB fez neste s\u00e1bado (20) uma edi\u00e7\u00e3o da \u201cAgenda 40\u201d em Garanhuns objetivando viabilizar um candidato a prefeito no munic\u00edpio. <\/font><font size=\"3\" face=\"Arial\">O PSB ainda n\u00e3o tem candidato na maior cidade do Agreste Meridional e mobilizou suas lideran\u00e7as pol\u00edticas na regi\u00e3o para debater as elei\u00e7\u00f5es de outubro pr\u00f3ximo. <\/font><font size=\"3\" face=\"Arial\">O prefeito Iza\u00edas R\u00e9gis (PTB) est\u00e1 bem avaliado, administrativamente e caminha sozinho at\u00e9 o momento para sua reelei\u00e7\u00e3o.<\/font>  <\/p>\n<p align=\"justify\"><font size=\"3\" face=\"Arial\">A reuni\u00e3o se realizou no audit\u00f3rio da CODEAM e contou com a presen\u00e7a de l\u00edderes pol\u00edticos de cerca de 20 munic\u00edpios. <\/font><font size=\"3\" face=\"Arial\">Al\u00e9m do Departamento Jur\u00eddico do partido, dois t\u00e9cnicos do Tribunal Regional Eleitoral estiveram no local para prestar informa\u00e7\u00f5es sobre a legisla\u00e7\u00e3o eleitoral. Foram <\/font><font size=\"3\" face=\"Arial\">debatidos registro de candidaturas, condi\u00e7\u00f5es de elegibilidade, propaganda eleitoral, financiamento de campanha e presta\u00e7\u00e3o de contas. Participaram do movimento <\/font><font size=\"3\" face=\"Arial\">pol\u00edticos de \u00c1guas Belas, Angelim, Bom Conselho, Brej\u00e3o, Caet\u00e9s, Cal\u00e7ado, Canhotinho, Capoeiras, Correntes, Garanhuns, Iati, Ita\u00edba, Jucati, Jupi, Lagoa do Ouro, Lajedo, Palmeirina, Paranatama, Salo\u00e1, S\u00e3o Jo\u00e3o e Terezinha. Com informa\u00e7\u00f5es do blog do Inaldo Sampaio<\/font><\/p>\n<div style=\"margin-top: 0px; margin-bottom: 0px;\" class=\"sharethis-inline-share-buttons\" ><\/div>","protected":false},"excerpt":{"rendered":"<p>O PSB fez neste s\u00e1bado (20) uma edi\u00e7\u00e3o da \u201cAgenda 40\u201d em Garanhuns objetivando viabilizar um candidato a prefeito no munic\u00edpio. O PSB ainda n\u00e3o tem candidato na maior cidade do Agreste Meridional e mobilizou suas lideran\u00e7as pol\u00edticas na regi\u00e3o para debater as elei\u00e7\u00f5es de outubro pr\u00f3ximo. O prefeito Iza\u00edas R\u00e9gis (PTB) est\u00e1 bem avaliado, [&hellip;]<\/p>\n","protected":false},"author":1,"featured_media":0,"comment_status":"open","ping_status":"open","sticky":false,"template":"","format":"standard","meta":{"footnotes":""},"categories":[2],"tags":[],"class_list":["post-2484","post","type-post","status-publish","format-standard","hentry","category-noticias-do-dia"],"_links":{"self":[{"href":"https:\/\/www.saloanoticias.com\/v1\/wp-json\/wp\/v2\/posts\/2484","targetHints":{"allow":["GET"]}}],"collection":[{"href":"https:\/\/www.saloanoticias.com\/v1\/wp-json\/wp\/v2\/posts"}],"about":[{"href":"https:\/\/www.saloanoticias.com\/v1\/wp-json\/wp\/v2\/types\/post"}],"author":[{"embeddable":true,"href":"https:\/\/www.saloanoticias.com\/v1\/wp-json\/wp\/v2\/users\/1"}],"replies":[{"embeddable":true,"href":"https:\/\/www.saloanoticias.com\/v1\/wp-json\/wp\/v2\/comments?post=2484"}],"version-history":[{"count":0,"href":"https:\/\/www.saloanoticias.com\/v1\/wp-json\/wp\/v2\/posts\/2484\/revisions"}],"wp:attachment":[{"href":"https:\/\/www.saloanoticias.com\/v1\/wp-json\/wp\/v2\/media?parent=2484"}],"wp:term":[{"taxonomy":"category","embeddable":true,"href":"https:\/\/www.saloanoticias.com\/v1\/wp-json\/wp\/v2\/categories?post=2484"},{"taxonomy":"post_tag","embeddable":true,"href":"https:\/\/www.saloanoticias.com\/v1\/wp-json\/wp\/v2\/tags?post=2484"}],"curies":[{"name":"wp","href":"https:\/\/api.w.org\/{rel}","templated":true}]}}