{"id":2483,"date":"2016-02-20T18:13:24","date_gmt":"2016-02-20T18:13:24","guid":{"rendered":"https:\/\/saloanoticias.mrmediaweb.com\/v1\/2016\/02\/20\/assembleia-de-deus-de-saloa-promove-grande-vigili-de-fogo-e-poder-neste-sabado-so-sitio-varzea-da-serra\/"},"modified":"2016-02-20T18:13:24","modified_gmt":"2016-02-20T18:13:24","slug":"assembleia-de-deus-de-saloa-promove-grande-vigili-de-fogo-e-poder-neste-sabado-so-sitio-varzea-da-serra","status":"publish","type":"post","link":"https:\/\/www.saloanoticias.com\/v1\/assembleia-de-deus-de-saloa-promove-grande-vigili-de-fogo-e-poder-neste-sabado-so-sitio-varzea-da-serra\/","title":{"rendered":"ASSEMBLEIA DE DEUS DE SALO\u00c1 PROMOVE GRANDE VIG\u00cdLIA DE FOGO E PODER NESTE S\u00c1BADO (20) NO S\u00cdTIO V\u00c1RZEA DA SERRA"},"content":{"rendered":"<p align=\"justify\"><font size=\"3\" face=\"Arial\"><a href=\"http:\/\/www.saloanoticias.com\/images\/viglia-ad-saloa_f8f5b3ebee420156dd96ab725e627000.jpg\"><img loading=\"lazy\" decoding=\"async\" title=\"Vig&iacute;lia AD Saloa\" style=\"border-top: 0px; border-right: 0px; background-image: none; border-bottom: 0px; float: none; padding-top: 0px; padding-left: 0px; margin: 0px auto 10px; border-left: 0px; display: block; padding-right: 0px\" border=\"0\" alt=\"Vig&iacute;lia AD Saloa\" src=\"http:\/\/www.saloanoticias.com\/v1\/wp-content\/uploads\/imagens\/viglia-ad-saloa_thumb_5b6c604b1c55585ed2e02c764497e571.jpg\" width=\"1368\" height=\"924\"><\/a>A Igreja Evang\u00e9lica Assembleia de Deus com filial na cidade de Salo\u00e1\/PE, promove na noite deste s\u00e1bado, dia 20 de fevereiro, uma grande vig\u00edlia de avivamento na congrega\u00e7\u00e3o do s\u00edtio V\u00e1rzea da Serra, na zona rural do munic\u00edpio. A vig\u00edlia que ter\u00e1 a dire\u00e7\u00e3o do Presb\u00edtero Romero, contar\u00e1 com a presen\u00e7a de v\u00e1rios cantores e, ministrando a Palavra de Deus o Di\u00e1cono Celson. Ainda estar\u00e3o presentes v\u00e1rios irm\u00e3os vindos de outras cidades, que tamb\u00e9m prestar\u00e3o culto ao Senhor Jesus.<\/font><\/p>\n<p align=\"justify\"><font size=\"3\" face=\"Arial\">O culto est\u00e1 programado para ter in\u00edcio \u00e0s 11 horas da noite, devendo se estender at\u00e9 \u00e0s 4 horas da manh\u00e3 do domingo (21), conforme for o mover do Esp\u00edrito Santo, disse o coordenador da congrega\u00e7\u00e3o. Esta vig\u00edlia tem o apoio do pastor Ademir Barbosa, pastor local da igreja em Salo\u00e1. A Assembleia de Deus em Salo\u00e1 tem a dire\u00e7\u00e3o geral do pastor Ailton Jos\u00e9 Alves, l\u00edder e presidente no estado de Pernambuco. Lembramos que podem participar qualquer pessoa, evang\u00e9lico ou n\u00e3o.<\/font><\/p>\n<div style=\"margin-top: 0px; margin-bottom: 0px;\" class=\"sharethis-inline-share-buttons\" ><\/div>","protected":false},"excerpt":{"rendered":"<p>A Igreja Evang\u00e9lica Assembleia de Deus com filial na cidade de Salo\u00e1\/PE, promove na noite deste s\u00e1bado, dia 20 de fevereiro, uma grande vig\u00edlia de avivamento na congrega\u00e7\u00e3o do s\u00edtio V\u00e1rzea da Serra, na zona rural do munic\u00edpio. A vig\u00edlia que ter\u00e1 a dire\u00e7\u00e3o do Presb\u00edtero Romero, contar\u00e1 com a presen\u00e7a de v\u00e1rios cantores e, [&hellip;]<\/p>\n","protected":false},"author":1,"featured_media":0,"comment_status":"open","ping_status":"open","sticky":false,"template":"","format":"standard","meta":{"footnotes":""},"categories":[2],"tags":[],"class_list":["post-2483","post","type-post","status-publish","format-standard","hentry","category-noticias-do-dia"],"_links":{"self":[{"href":"https:\/\/www.saloanoticias.com\/v1\/wp-json\/wp\/v2\/posts\/2483","targetHints":{"allow":["GET"]}}],"collection":[{"href":"https:\/\/www.saloanoticias.com\/v1\/wp-json\/wp\/v2\/posts"}],"about":[{"href":"https:\/\/www.saloanoticias.com\/v1\/wp-json\/wp\/v2\/types\/post"}],"author":[{"embeddable":true,"href":"https:\/\/www.saloanoticias.com\/v1\/wp-json\/wp\/v2\/users\/1"}],"replies":[{"embeddable":true,"href":"https:\/\/www.saloanoticias.com\/v1\/wp-json\/wp\/v2\/comments?post=2483"}],"version-history":[{"count":0,"href":"https:\/\/www.saloanoticias.com\/v1\/wp-json\/wp\/v2\/posts\/2483\/revisions"}],"wp:attachment":[{"href":"https:\/\/www.saloanoticias.com\/v1\/wp-json\/wp\/v2\/media?parent=2483"}],"wp:term":[{"taxonomy":"category","embeddable":true,"href":"https:\/\/www.saloanoticias.com\/v1\/wp-json\/wp\/v2\/categories?post=2483"},{"taxonomy":"post_tag","embeddable":true,"href":"https:\/\/www.saloanoticias.com\/v1\/wp-json\/wp\/v2\/tags?post=2483"}],"curies":[{"name":"wp","href":"https:\/\/api.w.org\/{rel}","templated":true}]}}