{"id":2482,"date":"2016-02-20T10:00:00","date_gmt":"2016-02-20T10:00:00","guid":{"rendered":"https:\/\/saloanoticias.mrmediaweb.com\/v1\/2016\/02\/20\/final-de-semana-com-festa-em-paranatama\/"},"modified":"2016-02-20T10:00:00","modified_gmt":"2016-02-20T10:00:00","slug":"final-de-semana-com-festa-em-paranatama","status":"publish","type":"post","link":"https:\/\/www.saloanoticias.com\/v1\/final-de-semana-com-festa-em-paranatama\/","title":{"rendered":"FINAL DE SEMANA COM MUITAS FESTAS EM PARANATAMA\/PE"},"content":{"rendered":"<p align=\"justify\"><font size=\"3\" face=\"Arial\"><a href=\"http:\/\/www.saloanoticias.com\/images\/paranatama_8e0632d63d5a72abb43b67d49b2a3e52.jpg\"><img loading=\"lazy\" decoding=\"async\" title=\"Paranatama\" style=\"border-top: 0px; border-right: 0px; background-image: none; border-bottom: 0px; float: none; padding-top: 0px; padding-left: 0px; margin: 0px auto 10px; border-left: 0px; display: block; padding-right: 0px\" border=\"0\" alt=\"Paranatama\" src=\"http:\/\/www.saloanoticias.com\/v1\/wp-content\/uploads\/imagens\/paranatama_thumb_d19e8df0fc0cc44d595d4d4468427766.jpg\" width=\"1501\" height=\"995\"><\/a>Hoje ser\u00e1 comemorado a emancipa\u00e7\u00e3o politica de Paranatama\/PE. Por\u00e9m, antes de anunciar formalmente a festa, vamos a um breve relato de sua t\u00e3o linda hist\u00f3ria. A cidade de Paranatama, veio a pertencer a cidade de Garanhuns onde era chamada de Serrinha do Catimbau, teve seu nome trocado, passando a se chamar Paranatama no ano de 1943, onde este nome provem dos \u00edndios Itaquatiara, estes primitivos que habitaram na regi\u00e3o. Portanto, foi em 1963 no dia 20 de dezembro, que Paranatama passou a ser conhecida como cidade.<\/font><\/p>\n<p align=\"justify\"><a href=\"http:\/\/www.saloanoticias.com\/images\/sam_3218_47c1bf34068ebfc2303cfaced18719a6.jpg\"><img loading=\"lazy\" decoding=\"async\" title=\"SAM_3218\" style=\"border-top: 0px; border-right: 0px; background-image: none; border-bottom: 0px; float: none; padding-top: 0px; padding-left: 0px; margin-left: auto; border-left: 0px; display: block; padding-right: 0px; margin-right: auto\" border=\"0\" alt=\"SAM_3218\" src=\"http:\/\/www.saloanoticias.com\/v1\/wp-content\/uploads\/imagens\/sam_3218_thumb_99c2a1cadd38fd5bab055739991796b1.jpg\" width=\"1510\" height=\"1010\"><\/a><\/p>\n<p align=\"justify\"><font size=\"3\" face=\"Arial\">Deixando assim, de pertencer a o distrito de Garanhuns. Todavia, nossos dados n\u00e3o acabam nesse relato, o seu direito de posse, foi concedido no dia 4 de fevereiro de 1964. Segundo um grande pesquisador da regi\u00e3o, Roberto Harrop Galv\u00e3o, o nome Paranatama vem a significar \u201cRegi\u00e3o dos Rios\u201d, esta dissemina\u00e7\u00e3o de regi\u00e3o dos rios \u00e9 por Paranatama encontrar-se inserida na bacia Hidrogr\u00e1fica do Rio Ipanema e do grupo de bacias de pequenos rios interiores.<\/font><\/p>\n<p align=\"justify\"><font size=\"3\" face=\"Arial\">Tendo como principais tribut\u00e1rios: Os Riachos da Brava, do Limit\u00e3o, Eco, Riach\u00e3o do Exu, das Lajes e do Baixo do Moc\u00f3, todos em regime intermitentes. <\/font><font size=\"3\" face=\"Arial\">Hoje a cidade de Paranatama \u00e9 composta pelo munic\u00edpio sede e dois povoados, que s\u00e3o estes: O povoado Alto da Serra e o povoado Brejo Velho. J\u00e1 que o tema da reportagem hoje \u00e9, Paranatama em dia de festa, vamos aproveitar, deixando o convite a todos os munic\u00edpios <\/font><font size=\"3\" face=\"Arial\">circunvizinhos, que hoje as 21 horas, acontecer\u00e1 a abertura da festa de emancipa\u00e7\u00e3o politica.<\/font><\/p>\n<p align=\"justify\"><font size=\"3\" face=\"Arial\">O evento iniciar\u00e1 com o Forr\u00f3 D Original e logo depois, Edson Lima e Banda Gatinha manhosa. <\/font><font size=\"3\" face=\"Arial\">No domingo (21) estaremos dando inicio as 10 horas da manh\u00e3, no sitio Olho D\u2019Aguinha com o evento de Velocross o qual \u00e9 uma das etapas do campeonato pernambucano na categoria. As festividades, terminar\u00e3o no dia 22, segunda- feira, com uma missa em a\u00e7\u00e3o de gra\u00e7as, ao anivers\u00e1rio da cidade, que ter\u00e1 inicio as 09:30 na Igreja Matriz de S\u00e3o Luiz Gonzaga, no centro de Paranatama.<\/font><\/p>\n<p align=\"justify\"><font size=\"3\" face=\"Arial\">Os gestores, o prefeito Jos\u00e9 Teixeira e o vice \u2013 prefeito Valmir do Leite, parabenizam, a todos os habitantes desse munic\u00edpio, munic\u00edpio esse, que vem de uma hist\u00f3ria escrita, com luta, amor e coragem, para que a paranatama dos dias de hoje pudesse existir. Fonte: Blog Agreste Revista News.<\/font><\/p>\n<div style=\"margin-top: 0px; margin-bottom: 0px;\" class=\"sharethis-inline-share-buttons\" ><\/div>","protected":false},"excerpt":{"rendered":"<p>Hoje ser\u00e1 comemorado a emancipa\u00e7\u00e3o politica de Paranatama\/PE. Por\u00e9m, antes de anunciar formalmente a festa, vamos a um breve relato de sua t\u00e3o linda hist\u00f3ria. A cidade de Paranatama, veio a pertencer a cidade de Garanhuns onde era chamada de Serrinha do Catimbau, teve seu nome trocado, passando a se chamar Paranatama no ano de [&hellip;]<\/p>\n","protected":false},"author":1,"featured_media":0,"comment_status":"open","ping_status":"open","sticky":false,"template":"","format":"standard","meta":{"footnotes":""},"categories":[2],"tags":[],"class_list":["post-2482","post","type-post","status-publish","format-standard","hentry","category-noticias-do-dia"],"_links":{"self":[{"href":"https:\/\/www.saloanoticias.com\/v1\/wp-json\/wp\/v2\/posts\/2482","targetHints":{"allow":["GET"]}}],"collection":[{"href":"https:\/\/www.saloanoticias.com\/v1\/wp-json\/wp\/v2\/posts"}],"about":[{"href":"https:\/\/www.saloanoticias.com\/v1\/wp-json\/wp\/v2\/types\/post"}],"author":[{"embeddable":true,"href":"https:\/\/www.saloanoticias.com\/v1\/wp-json\/wp\/v2\/users\/1"}],"replies":[{"embeddable":true,"href":"https:\/\/www.saloanoticias.com\/v1\/wp-json\/wp\/v2\/comments?post=2482"}],"version-history":[{"count":0,"href":"https:\/\/www.saloanoticias.com\/v1\/wp-json\/wp\/v2\/posts\/2482\/revisions"}],"wp:attachment":[{"href":"https:\/\/www.saloanoticias.com\/v1\/wp-json\/wp\/v2\/media?parent=2482"}],"wp:term":[{"taxonomy":"category","embeddable":true,"href":"https:\/\/www.saloanoticias.com\/v1\/wp-json\/wp\/v2\/categories?post=2482"},{"taxonomy":"post_tag","embeddable":true,"href":"https:\/\/www.saloanoticias.com\/v1\/wp-json\/wp\/v2\/tags?post=2482"}],"curies":[{"name":"wp","href":"https:\/\/api.w.org\/{rel}","templated":true}]}}