{"id":2481,"date":"2016-02-20T13:59:24","date_gmt":"2016-02-20T13:59:24","guid":{"rendered":"https:\/\/saloanoticias.mrmediaweb.com\/v1\/2016\/02\/20\/ricardo-alves-e-ze-antonio-do-leite-participam-de-evento-com-o-governador-paulo-camara\/"},"modified":"2016-02-20T13:59:24","modified_gmt":"2016-02-20T13:59:24","slug":"ricardo-alves-e-ze-antonio-do-leite-participam-de-evento-com-o-governador-paulo-camara","status":"publish","type":"post","link":"https:\/\/www.saloanoticias.com\/v1\/ricardo-alves-e-ze-antonio-do-leite-participam-de-evento-com-o-governador-paulo-camara\/","title":{"rendered":"RICARDO E Z\u00c9 ANT\u00d4NIO PARTICIPARAM DE EVENTO COM O GOV. PAULO C\u00c2MARA"},"content":{"rendered":"<p align=\"justify\"><font size=\"3\" face=\"Arial\"><a href=\"http:\/\/www.saloanoticias.com\/images\/caf-com-leite-salo.jpg\"><img loading=\"lazy\" decoding=\"async\" title=\"Caf&eacute; com Leite Salo&aacute;\" style=\"border-left-width: 0px; border-right-width: 0px; background-image: none; border-bottom-width: 0px; float: none; padding-top: 0px; padding-left: 0px; margin: 0px auto 10px; display: block; padding-right: 0px; border-top-width: 0px\" border=\"0\" alt=\"Caf&eacute; com Leite Salo&aacute;\" src=\"http:\/\/www.saloanoticias.com\/v1\/wp-content\/uploads\/imagens\/caf-com-leite-salo_thumb.jpg\" width=\"1487\" height=\"992\"><\/a>O prefeito de Salo\u00e1, Ricardo, e seu vice, Z\u00e9 Ant\u00f4nio do Leite, participaram na tarde desta sexta-feira (19) da inaugura\u00e7\u00e3o de uma escola municipal na cidade de Caet\u00e9s\/PE, onde esteve presente o Governador do Estado, Paulo C\u00e2mara (PSB). Na oportunidade, estiveram v\u00e1rios prefeitos da regi\u00e3o, aliados dos governistas. Acompanhando a comitiva do prefeito e do vice estiveram os vereadores Barba, que \u00e9 presidente da C\u00e2mara, o l\u00edder do governo na casa Jos\u00e9 Soares de Melo, Ronaldinho Birunda (PSDB) e o secret\u00e1rio de transportes, Marco Aur\u00e9lio (Maruim).<\/font><\/p>\n<p align=\"justify\"><font size=\"3\" face=\"Arial\">Depois do evento em Caet\u00e9s Ricardo seguiu juntamente com a comitiva do governador para Garanhuns, onde teve uma pequena reuni\u00e3o com Paulo C\u00e2mara para definir a\u00e7\u00f5es voltadas para a cidade de Salo\u00e1. Destaca-se o tamanho da confian\u00e7a que o prefeito e seu grupo tem com a c\u00fapula do governo do estado, o que facilita as parcerias entre os dois poderes. A agenda dos pol\u00edticos saloaenses terminou com um jantar com C\u00e2mara, Dr. Ant\u00f4nio Figueira (Chefe da Casa Civil),e a grande comitiva do governador na casa de Sandoval Cadengue.<\/font><\/p>\n<div style=\"margin-top: 0px; margin-bottom: 0px;\" class=\"sharethis-inline-share-buttons\" ><\/div>","protected":false},"excerpt":{"rendered":"<p>O prefeito de Salo\u00e1, Ricardo, e seu vice, Z\u00e9 Ant\u00f4nio do Leite, participaram na tarde desta sexta-feira (19) da inaugura\u00e7\u00e3o de uma escola municipal na cidade de Caet\u00e9s\/PE, onde esteve presente o Governador do Estado, Paulo C\u00e2mara (PSB). Na oportunidade, estiveram v\u00e1rios prefeitos da regi\u00e3o, aliados dos governistas. Acompanhando a comitiva do prefeito e do [&hellip;]<\/p>\n","protected":false},"author":1,"featured_media":0,"comment_status":"open","ping_status":"open","sticky":false,"template":"","format":"standard","meta":{"footnotes":""},"categories":[2],"tags":[],"class_list":["post-2481","post","type-post","status-publish","format-standard","hentry","category-noticias-do-dia"],"_links":{"self":[{"href":"https:\/\/www.saloanoticias.com\/v1\/wp-json\/wp\/v2\/posts\/2481","targetHints":{"allow":["GET"]}}],"collection":[{"href":"https:\/\/www.saloanoticias.com\/v1\/wp-json\/wp\/v2\/posts"}],"about":[{"href":"https:\/\/www.saloanoticias.com\/v1\/wp-json\/wp\/v2\/types\/post"}],"author":[{"embeddable":true,"href":"https:\/\/www.saloanoticias.com\/v1\/wp-json\/wp\/v2\/users\/1"}],"replies":[{"embeddable":true,"href":"https:\/\/www.saloanoticias.com\/v1\/wp-json\/wp\/v2\/comments?post=2481"}],"version-history":[{"count":0,"href":"https:\/\/www.saloanoticias.com\/v1\/wp-json\/wp\/v2\/posts\/2481\/revisions"}],"wp:attachment":[{"href":"https:\/\/www.saloanoticias.com\/v1\/wp-json\/wp\/v2\/media?parent=2481"}],"wp:term":[{"taxonomy":"category","embeddable":true,"href":"https:\/\/www.saloanoticias.com\/v1\/wp-json\/wp\/v2\/categories?post=2481"},{"taxonomy":"post_tag","embeddable":true,"href":"https:\/\/www.saloanoticias.com\/v1\/wp-json\/wp\/v2\/tags?post=2481"}],"curies":[{"name":"wp","href":"https:\/\/api.w.org\/{rel}","templated":true}]}}