{"id":2480,"date":"2016-02-19T13:24:37","date_gmt":"2016-02-19T13:24:37","guid":{"rendered":"https:\/\/saloanoticias.mrmediaweb.com\/v1\/2016\/02\/19\/prefeito-ricardo-alves-visita-ruas-que-receberao-calcamento-em-saloa\/"},"modified":"2016-02-19T13:24:37","modified_gmt":"2016-02-19T13:24:37","slug":"prefeito-ricardo-alves-visita-ruas-que-receberao-calcamento-em-saloa","status":"publish","type":"post","link":"https:\/\/www.saloanoticias.com\/v1\/prefeito-ricardo-alves-visita-ruas-que-receberao-calcamento-em-saloa\/","title":{"rendered":"PREFEITO RICARDO ALVES VISITA RUAS QUE RECEBER\u00c3O CAL\u00c7AMENTO EM SALO\u00c1"},"content":{"rendered":"<p align=\"justify\"><font size=\"3\" face=\"Arial\"><a href=\"http:\/\/www.saloanoticias.com\/images\/salo-saneamento_957e8c199594f7797fc96fd421bbaacb.jpg\"><img loading=\"lazy\" decoding=\"async\" title=\"Salo&aacute; Saneamento\" style=\"border-top: 0px; border-right: 0px; background-image: none; border-bottom: 0px; float: none; padding-top: 0px; padding-left: 0px; margin: 0px auto 10px; border-left: 0px; display: block; padding-right: 0px\" border=\"0\" alt=\"Salo&aacute; Saneamento\" src=\"http:\/\/www.saloanoticias.com\/v1\/wp-content\/uploads\/imagens\/salo-saneamento_thumb_22feab86387edc7418729512068106d7.jpg\" width=\"1529\" height=\"994\"><\/a>Na manha desta quarta-feira (14) o prefeito Ricardo Alves visitou o Bairro Alto Santa Quit\u00e9ria e realizou pessoalmente um levantamento das ruas que faltam para receber o cal\u00e7amento. Essas ruas ser\u00e3o contempladas para completar trechos da primeira e segunda travessa com pavimenta\u00e7\u00e3o adequada, levando mais qualidade de vida \u00e0queles moradores. <\/font><font size=\"3\" face=\"Arial\">\u201cNosso objetivo \u00e9 buscar fechar toda a comunidade com cal\u00e7amento, pois, n\u00e3o adianta fazer duas ou tr\u00eas ruas e outras ficarem de fora.\u201d, disse.<\/font><\/p>\n<p align=\"justify\"><a href=\"http:\/\/www.saloanoticias.com\/images\/sam_3205.jpg\"><img loading=\"lazy\" decoding=\"async\" title=\"SAM_3205\" style=\"border-top: 0px; border-right: 0px; background-image: none; border-bottom: 0px; float: none; padding-top: 0px; padding-left: 0px; margin-left: auto; border-left: 0px; display: block; padding-right: 0px; margin-right: auto\" border=\"0\" alt=\"SAM_3205\" src=\"http:\/\/www.saloanoticias.com\/v1\/wp-content\/uploads\/imagens\/sam_3205_thumb.jpg\" width=\"1524\" height=\"1037\"><\/a><\/p>\n<p align=\"justify\"><font size=\"3\" face=\"Arial\">De l\u00e1, Ricardo seguiu para verificar tamb\u00e9m as ruas, Jos\u00e9 Rodrigues, Rua Projetada e Alfredo Florentino. Depois a equipe de governo seguiu para o <\/font><font size=\"3\" face=\"Arial\">Parque Residencial Santa Maria (Popularmente Loteamento de Evaldo Mar\u00e7al), a<\/font><font size=\"3\" face=\"Arial\">fim de conferir de perto a situa\u00e7\u00e3o das ruas e liberar mais obras na cidade. \u201cEssa liga\u00e7\u00e3o \u00e9 importante no momento, pois deve melhorar o fluxo de carro e facilitar o tr\u00e2nsito dos bairros nessa regi\u00e3o\u201d, destacou o prefeito.<\/font><\/p>\n<p align=\"justify\"><a href=\"http:\/\/www.saloanoticias.com\/images\/salo_c2e499409edc8b16903b8093589137a5.jpg\"><img loading=\"lazy\" decoding=\"async\" title=\"Salo&aacute;\" style=\"border-top: 0px; border-right: 0px; background-image: none; border-bottom: 0px; float: none; padding-top: 0px; padding-left: 0px; margin-left: auto; border-left: 0px; display: block; padding-right: 0px; margin-right: auto\" border=\"0\" alt=\"Salo&aacute;\" src=\"http:\/\/www.saloanoticias.com\/v1\/wp-content\/uploads\/imagens\/salo_thumb_b88ad42fb38f9dbb12a36fef7d432af8.jpg\" width=\"1530\" height=\"958\"><\/a><\/p>\n<p align=\"justify\"><font size=\"3\" face=\"Arial\">Ricardo tem cumprido seu papel que \u00e9 atender as demandas das comunidades. \u201cA ideia \u00e9 essa, de sempre nos colocarmos a servi\u00e7o para que possamos melhorar a qualidade de vida da popula\u00e7\u00e3o no tocante ao desenvolvimento urbano\u201d, frisou. Quando iniciada essas obras, ser\u00e3o beneficiadas mais de 20 ruas, elevando a cidade a uma das mais pavimentadas do Agreste. Com a administra\u00e7\u00e3o voltado ao desenvolvimento, o jovem gestor vem surpreendendo at\u00e9 mesmo os opositores pol\u00edticos, que j\u00e1 passam a reconhecer ser excelente trabalho. Com informa\u00e7\u00f5es da Secretaria de Obras do Munic\u00edpio. Fotos: Elmes 120<\/font><\/p>\n<p align=\"justify\"><a href=\"http:\/\/www.saloanoticias.com\/images\/sam_3218.jpg\"><img loading=\"lazy\" decoding=\"async\" title=\"SAM_3218\" style=\"border-top: 0px; border-right: 0px; background-image: none; border-bottom: 0px; float: none; padding-top: 0px; padding-left: 0px; margin-left: auto; border-left: 0px; display: block; padding-right: 0px; margin-right: auto\" border=\"0\" alt=\"SAM_3218\" src=\"http:\/\/www.saloanoticias.com\/v1\/wp-content\/uploads\/imagens\/sam_3218_thumb.jpg\" width=\"1519\" height=\"919\"><\/a><\/p>\n<div style=\"margin-top: 0px; margin-bottom: 0px;\" class=\"sharethis-inline-share-buttons\" ><\/div>","protected":false},"excerpt":{"rendered":"<p>Na manha desta quarta-feira (14) o prefeito Ricardo Alves visitou o Bairro Alto Santa Quit\u00e9ria e realizou pessoalmente um levantamento das ruas que faltam para receber o cal\u00e7amento. Essas ruas ser\u00e3o contempladas para completar trechos da primeira e segunda travessa com pavimenta\u00e7\u00e3o adequada, levando mais qualidade de vida \u00e0queles moradores. \u201cNosso objetivo \u00e9 buscar fechar [&hellip;]<\/p>\n","protected":false},"author":1,"featured_media":0,"comment_status":"open","ping_status":"open","sticky":false,"template":"","format":"standard","meta":{"footnotes":""},"categories":[2],"tags":[],"class_list":["post-2480","post","type-post","status-publish","format-standard","hentry","category-noticias-do-dia"],"_links":{"self":[{"href":"https:\/\/www.saloanoticias.com\/v1\/wp-json\/wp\/v2\/posts\/2480","targetHints":{"allow":["GET"]}}],"collection":[{"href":"https:\/\/www.saloanoticias.com\/v1\/wp-json\/wp\/v2\/posts"}],"about":[{"href":"https:\/\/www.saloanoticias.com\/v1\/wp-json\/wp\/v2\/types\/post"}],"author":[{"embeddable":true,"href":"https:\/\/www.saloanoticias.com\/v1\/wp-json\/wp\/v2\/users\/1"}],"replies":[{"embeddable":true,"href":"https:\/\/www.saloanoticias.com\/v1\/wp-json\/wp\/v2\/comments?post=2480"}],"version-history":[{"count":0,"href":"https:\/\/www.saloanoticias.com\/v1\/wp-json\/wp\/v2\/posts\/2480\/revisions"}],"wp:attachment":[{"href":"https:\/\/www.saloanoticias.com\/v1\/wp-json\/wp\/v2\/media?parent=2480"}],"wp:term":[{"taxonomy":"category","embeddable":true,"href":"https:\/\/www.saloanoticias.com\/v1\/wp-json\/wp\/v2\/categories?post=2480"},{"taxonomy":"post_tag","embeddable":true,"href":"https:\/\/www.saloanoticias.com\/v1\/wp-json\/wp\/v2\/tags?post=2480"}],"curies":[{"name":"wp","href":"https:\/\/api.w.org\/{rel}","templated":true}]}}