{"id":2468,"date":"2016-02-12T18:00:00","date_gmt":"2016-02-12T18:00:00","guid":{"rendered":"https:\/\/saloanoticias.mrmediaweb.com\/v1\/2016\/02\/12\/escola-santa-monica-realizou-o-carnaval-da-paz\/"},"modified":"2016-02-12T18:00:00","modified_gmt":"2016-02-12T18:00:00","slug":"escola-santa-monica-realizou-o-carnaval-da-paz","status":"publish","type":"post","link":"https:\/\/www.saloanoticias.com\/v1\/escola-santa-monica-realizou-o-carnaval-da-paz\/","title":{"rendered":"ESCOLA SANTA M\u00d4NICA REALIZA CARNAVAL DA PAZ"},"content":{"rendered":"<p align=\"justify\"><font size=\"3\" face=\"Arial\"><a href=\"http:\/\/www.saloanoticias.com\/images\/carnaval-irm-dulce.jpg\"><img loading=\"lazy\" decoding=\"async\" title=\"Carnaval Irm&atilde; Dulce\" style=\"border-left-width: 0px; border-right-width: 0px; background-image: none; border-bottom-width: 0px; float: none; padding-top: 0px; padding-left: 0px; margin: 0px auto 10px; display: block; padding-right: 0px; border-top-width: 0px\" border=\"0\" alt=\"Carnaval Irm&atilde; Dulce\" src=\"http:\/\/www.saloanoticias.com\/v1\/wp-content\/uploads\/imagens\/carnaval-irm-dulce_thumb.jpg\" width=\"927\" height=\"696\"><\/a>A escola Santa M\u00f4nica realizou na \u00faltima semana com os seus alunos o \u201cCarnaval da Paz\u201d. Foi uma atividade voltada para o incentivo a cultura popular brasileira, principalmente a pernambucana, j\u00e1 que o Estado possui uma forte tradi\u00e7\u00e3o carnavalesca. Como se verifica nas imagens, os pequeninos cairam literalmente na folia, mostrando que possuem muita anima\u00e7\u00e3o e frevo no p\u00e9. O que chamou a aten\u00e7\u00e3o de todos foram as criativas fantasias, as quais deram um brilho maior aos pequenos foli\u00f5es.<\/font><\/p>\n<p align=\"justify\"><font size=\"3\" face=\"Arial\">A Santa M\u00f4nica tem a dire\u00e7\u00e3o geral da professora Beatriz Souto, que est\u00e1 sempre promovendo atividades l\u00fadicas para seus alunos, e assim, os discentes compreendem melhor o significado de cada data comemorativa da cultura popular. A escola fica localizada no centro da cidade e conta com um corpo de professoras altamente capacitadas.<\/font><\/p>\n<p align=\"justify\"><a href=\"http:\/\/www.saloanoticias.com\/images\/carnaval-irm-dulce-2.jpg\"><img loading=\"lazy\" decoding=\"async\" title=\"Carnaval Irm&atilde; Dulce (2)\" style=\"border-left-width: 0px; border-right-width: 0px; background-image: none; border-bottom-width: 0px; float: none; padding-top: 0px; padding-left: 0px; margin-left: auto; display: block; padding-right: 0px; border-top-width: 0px; margin-right: auto\" border=\"0\" alt=\"Carnaval Irm&atilde; Dulce (2)\" src=\"http:\/\/www.saloanoticias.com\/v1\/wp-content\/uploads\/imagens\/carnaval-irm-dulce-2_thumb.jpg\" width=\"923\" height=\"692\"><\/a><\/p>\n<p><a href=\"http:\/\/www.saloanoticias.com\/images\/irm-dulce.jpg\"><img loading=\"lazy\" decoding=\"async\" title=\"Irm&atilde; Dulce\" style=\"border-left-width: 0px; border-right-width: 0px; background-image: none; border-bottom-width: 0px; float: none; padding-top: 0px; padding-left: 0px; margin-left: auto; display: block; padding-right: 0px; border-top-width: 0px; margin-right: auto\" border=\"0\" alt=\"Irm&atilde; Dulce\" src=\"http:\/\/www.saloanoticias.com\/v1\/wp-content\/uploads\/imagens\/irm-dulce_thumb.jpg\" width=\"924\" height=\"693\"><\/a><\/p>\n<div style=\"margin-top: 0px; margin-bottom: 0px;\" class=\"sharethis-inline-share-buttons\" ><\/div>","protected":false},"excerpt":{"rendered":"<p>A escola Santa M\u00f4nica realizou na \u00faltima semana com os seus alunos o \u201cCarnaval da Paz\u201d. Foi uma atividade voltada para o incentivo a cultura popular brasileira, principalmente a pernambucana, j\u00e1 que o Estado possui uma forte tradi\u00e7\u00e3o carnavalesca. Como se verifica nas imagens, os pequeninos cairam literalmente na folia, mostrando que possuem muita anima\u00e7\u00e3o [&hellip;]<\/p>\n","protected":false},"author":1,"featured_media":0,"comment_status":"open","ping_status":"open","sticky":false,"template":"","format":"standard","meta":{"footnotes":""},"categories":[2],"tags":[],"class_list":["post-2468","post","type-post","status-publish","format-standard","hentry","category-noticias-do-dia"],"_links":{"self":[{"href":"https:\/\/www.saloanoticias.com\/v1\/wp-json\/wp\/v2\/posts\/2468","targetHints":{"allow":["GET"]}}],"collection":[{"href":"https:\/\/www.saloanoticias.com\/v1\/wp-json\/wp\/v2\/posts"}],"about":[{"href":"https:\/\/www.saloanoticias.com\/v1\/wp-json\/wp\/v2\/types\/post"}],"author":[{"embeddable":true,"href":"https:\/\/www.saloanoticias.com\/v1\/wp-json\/wp\/v2\/users\/1"}],"replies":[{"embeddable":true,"href":"https:\/\/www.saloanoticias.com\/v1\/wp-json\/wp\/v2\/comments?post=2468"}],"version-history":[{"count":0,"href":"https:\/\/www.saloanoticias.com\/v1\/wp-json\/wp\/v2\/posts\/2468\/revisions"}],"wp:attachment":[{"href":"https:\/\/www.saloanoticias.com\/v1\/wp-json\/wp\/v2\/media?parent=2468"}],"wp:term":[{"taxonomy":"category","embeddable":true,"href":"https:\/\/www.saloanoticias.com\/v1\/wp-json\/wp\/v2\/categories?post=2468"},{"taxonomy":"post_tag","embeddable":true,"href":"https:\/\/www.saloanoticias.com\/v1\/wp-json\/wp\/v2\/tags?post=2468"}],"curies":[{"name":"wp","href":"https:\/\/api.w.org\/{rel}","templated":true}]}}