{"id":24672,"date":"2024-04-01T13:54:15","date_gmt":"2024-04-01T16:54:15","guid":{"rendered":"https:\/\/www.saloanoticias.com\/v1\/?p=24672"},"modified":"2024-04-12T13:20:19","modified_gmt":"2024-04-12T16:20:19","slug":"desaparecida-amanda-alves-de-souza","status":"publish","type":"post","link":"https:\/\/www.saloanoticias.com\/v1\/desaparecida-amanda-alves-de-souza\/","title":{"rendered":"Encontrada: Amanda Alves de Souza"},"content":{"rendered":"\n<p>J\u00e1 foi localizada a jovem estudante Amanda Alves de Souza, de 24 anos de idade. Gra\u00e7as a Deus ela passa bem e j\u00e1 est\u00e1 em casa juntamente com os seus familiares. Desde j\u00e1 os mesmos agradecem a todos que se mobilizaram para encontrar a jovem.<\/p>\n<div style=\"margin-top: 0px; margin-bottom: 0px;\" class=\"sharethis-inline-share-buttons\" ><\/div>","protected":false},"excerpt":{"rendered":"<p>J\u00e1 foi localizada a jovem estudante Amanda Alves de Souza, de 24 anos de idade. Gra\u00e7as a Deus ela passa bem e j\u00e1 est\u00e1 em casa juntamente com os seus familiares. Desde j\u00e1 os mesmos agradecem a todos que se mobilizaram para encontrar a jovem.<\/p>\n","protected":false},"author":1,"featured_media":24674,"comment_status":"closed","ping_status":"closed","sticky":false,"template":"","format":"standard","meta":{"footnotes":""},"categories":[19],"tags":[22],"class_list":["post-24672","post","type-post","status-publish","format-standard","has-post-thumbnail","hentry","category-policial","tag-destaques"],"_links":{"self":[{"href":"https:\/\/www.saloanoticias.com\/v1\/wp-json\/wp\/v2\/posts\/24672","targetHints":{"allow":["GET"]}}],"collection":[{"href":"https:\/\/www.saloanoticias.com\/v1\/wp-json\/wp\/v2\/posts"}],"about":[{"href":"https:\/\/www.saloanoticias.com\/v1\/wp-json\/wp\/v2\/types\/post"}],"author":[{"embeddable":true,"href":"https:\/\/www.saloanoticias.com\/v1\/wp-json\/wp\/v2\/users\/1"}],"replies":[{"embeddable":true,"href":"https:\/\/www.saloanoticias.com\/v1\/wp-json\/wp\/v2\/comments?post=24672"}],"version-history":[{"count":3,"href":"https:\/\/www.saloanoticias.com\/v1\/wp-json\/wp\/v2\/posts\/24672\/revisions"}],"predecessor-version":[{"id":24777,"href":"https:\/\/www.saloanoticias.com\/v1\/wp-json\/wp\/v2\/posts\/24672\/revisions\/24777"}],"wp:featuredmedia":[{"embeddable":true,"href":"https:\/\/www.saloanoticias.com\/v1\/wp-json\/wp\/v2\/media\/24674"}],"wp:attachment":[{"href":"https:\/\/www.saloanoticias.com\/v1\/wp-json\/wp\/v2\/media?parent=24672"}],"wp:term":[{"taxonomy":"category","embeddable":true,"href":"https:\/\/www.saloanoticias.com\/v1\/wp-json\/wp\/v2\/categories?post=24672"},{"taxonomy":"post_tag","embeddable":true,"href":"https:\/\/www.saloanoticias.com\/v1\/wp-json\/wp\/v2\/tags?post=24672"}],"curies":[{"name":"wp","href":"https:\/\/api.w.org\/{rel}","templated":true}]}}