{"id":24262,"date":"2024-02-08T08:08:56","date_gmt":"2024-02-08T11:08:56","guid":{"rendered":"https:\/\/www.saloanoticias.com\/v1\/?p=24262"},"modified":"2024-02-08T11:32:20","modified_gmt":"2024-02-08T14:32:20","slug":"pim-da-prata-deixa-jamelao-e-paulo-da-agua-e-declara-apoio-a-wellington-freitas","status":"publish","type":"post","link":"https:\/\/www.saloanoticias.com\/v1\/pim-da-prata-deixa-jamelao-e-paulo-da-agua-e-declara-apoio-a-wellington-freitas\/","title":{"rendered":"Pim da Prata deixa Jamel\u00e3o e Paulo da \u00c1gua e declara apoio a Wellington Freitas"},"content":{"rendered":"\n<p>Em mais uma movimenta\u00e7\u00e3o interna, o grupo de oposi\u00e7\u00e3o em Salo\u00e1 promove outra reviravolta, deixando o seu eleitorado em d\u00favidas quanto ao candidato que realmente vai os representar na chapa majorit\u00e1ria em outubro pr\u00f3ximo.<\/p>\n\n\n\n<p>Agora, o vereador Jovacildo Silva (MDB), mais conhecido como Pim da Prata, deixou os antigos aliados e tamb\u00e9m vereadores, Jamel\u00e3o (MDB) e Paulo da \u00c1gua (PP), para declarar apoio a Wellington Freitas (Republicanos) que \u00e9 pr\u00e9-candidato a prefeito.<\/p>\n\n\n\n<p>Segundo as informa\u00e7\u00f5es repassadas \u00e0 reda\u00e7\u00e3o deste Blog, o encontro que oficializou o apoio de Pim a Wellington aconteceu na resid\u00eancia de Freitas e contou com a presen\u00e7a de v\u00e1rios correligion\u00e1rios entre eles, os parlamentares Z\u00e9 Cabeleireiro (Republicanos) e Vilma da Prata (PSB), dos suplentes Valdir Lopes, Professor B\u00e1 e outros apoiadores.<\/p>\n\n\n<div class=\"wp-block-image\">\n<figure class=\"aligncenter size-large\"><img loading=\"lazy\" decoding=\"async\" width=\"1024\" height=\"768\" src=\"https:\/\/www.saloanoticias.com\/v1\/wp-content\/uploads\/2024\/02\/9fbeb67b-48b5-4f6c-b35a-c24732951fdf-1024x768.jpeg\" alt=\"\" class=\"wp-image-24268\" srcset=\"https:\/\/www.saloanoticias.com\/v1\/wp-content\/uploads\/2024\/02\/9fbeb67b-48b5-4f6c-b35a-c24732951fdf-1024x768.jpeg 1024w, https:\/\/www.saloanoticias.com\/v1\/wp-content\/uploads\/2024\/02\/9fbeb67b-48b5-4f6c-b35a-c24732951fdf-300x225.jpeg 300w, https:\/\/www.saloanoticias.com\/v1\/wp-content\/uploads\/2024\/02\/9fbeb67b-48b5-4f6c-b35a-c24732951fdf-768x576.jpeg 768w, https:\/\/www.saloanoticias.com\/v1\/wp-content\/uploads\/2024\/02\/9fbeb67b-48b5-4f6c-b35a-c24732951fdf-1536x1152.jpeg 1536w, https:\/\/www.saloanoticias.com\/v1\/wp-content\/uploads\/2024\/02\/9fbeb67b-48b5-4f6c-b35a-c24732951fdf-2048x1536.jpeg 2048w\" sizes=\"auto, (max-width: 1024px) 100vw, 1024px\" \/><\/figure>\n<\/div>\n\n\n<p>At\u00e9 o presente momento, os vereadores Jamel\u00e3o e Paulo da \u00c1gua n\u00e3o se pronunciou sobre o assunto e a nossa reda\u00e7\u00e3o tentou entrar em contato com os mesmos, mas n\u00e3o obteve sucesso. Com a ades\u00e3o de Jovacildo, Wellington Freitas fortalece o seu nome dentro da oposi\u00e7\u00e3o, mas ainda n\u00e3o recebeu o apoio oficial das demais lideran\u00e7as oposicionistas, que da mesma forma, s\u00e3o de grande import\u00e2ncia para o seu projeto pol\u00edtico.<\/p>\n\n\n\n<p>Ao que tudo indica, o vice-prefeito Ronaldinho Birunda (UB) continua com o seu nome a disposi\u00e7\u00e3o e os ex-prefeitos Z\u00e9 do Leite e Gilvan Pereira (PTB) ainda n\u00e3o se pronunciaram. Vamos aguardar as cenas dos pr\u00f3ximos cap\u00edtulos da pol\u00edtica em Salo\u00e1\/PE. <em>Fotos da Internet<\/em><\/p>\n<div style=\"margin-top: 0px; margin-bottom: 0px;\" class=\"sharethis-inline-share-buttons\" ><\/div>","protected":false},"excerpt":{"rendered":"<p>Em mais uma movimenta\u00e7\u00e3o interna, o grupo de oposi\u00e7\u00e3o em Salo\u00e1 promove outra reviravolta, deixando o seu eleitorado em d\u00favidas quanto ao candidato que realmente vai os representar na chapa majorit\u00e1ria em outubro pr\u00f3ximo. Agora, o vereador Jovacildo Silva (MDB), mais conhecido como Pim da Prata, deixou os antigos aliados e tamb\u00e9m vereadores, Jamel\u00e3o (MDB) [&hellip;]<\/p>\n","protected":false},"author":1,"featured_media":24267,"comment_status":"closed","ping_status":"closed","sticky":false,"template":"","format":"standard","meta":{"footnotes":""},"categories":[21,15],"tags":[22],"class_list":["post-24262","post","type-post","status-publish","format-standard","has-post-thumbnail","hentry","category-cidade","category-politica","tag-destaques"],"_links":{"self":[{"href":"https:\/\/www.saloanoticias.com\/v1\/wp-json\/wp\/v2\/posts\/24262","targetHints":{"allow":["GET"]}}],"collection":[{"href":"https:\/\/www.saloanoticias.com\/v1\/wp-json\/wp\/v2\/posts"}],"about":[{"href":"https:\/\/www.saloanoticias.com\/v1\/wp-json\/wp\/v2\/types\/post"}],"author":[{"embeddable":true,"href":"https:\/\/www.saloanoticias.com\/v1\/wp-json\/wp\/v2\/users\/1"}],"replies":[{"embeddable":true,"href":"https:\/\/www.saloanoticias.com\/v1\/wp-json\/wp\/v2\/comments?post=24262"}],"version-history":[{"count":9,"href":"https:\/\/www.saloanoticias.com\/v1\/wp-json\/wp\/v2\/posts\/24262\/revisions"}],"predecessor-version":[{"id":24282,"href":"https:\/\/www.saloanoticias.com\/v1\/wp-json\/wp\/v2\/posts\/24262\/revisions\/24282"}],"wp:featuredmedia":[{"embeddable":true,"href":"https:\/\/www.saloanoticias.com\/v1\/wp-json\/wp\/v2\/media\/24267"}],"wp:attachment":[{"href":"https:\/\/www.saloanoticias.com\/v1\/wp-json\/wp\/v2\/media?parent=24262"}],"wp:term":[{"taxonomy":"category","embeddable":true,"href":"https:\/\/www.saloanoticias.com\/v1\/wp-json\/wp\/v2\/categories?post=24262"},{"taxonomy":"post_tag","embeddable":true,"href":"https:\/\/www.saloanoticias.com\/v1\/wp-json\/wp\/v2\/tags?post=24262"}],"curies":[{"name":"wp","href":"https:\/\/api.w.org\/{rel}","templated":true}]}}