{"id":24179,"date":"2024-01-30T11:04:35","date_gmt":"2024-01-30T14:04:35","guid":{"rendered":"https:\/\/www.saloanoticias.com\/v1\/?p=24179"},"modified":"2024-01-30T11:12:28","modified_gmt":"2024-01-30T14:12:28","slug":"camara-de-saloa-aprova-reajuste-dos-professores-agente-de-saude-e-atualizacao-do-salario-minimo","status":"publish","type":"post","link":"https:\/\/www.saloanoticias.com\/v1\/camara-de-saloa-aprova-reajuste-dos-professores-agente-de-saude-e-atualizacao-do-salario-minimo\/","title":{"rendered":"C\u00e2mara de Salo\u00e1 aprova reajuste dos Professores, Agentes de Sa\u00fade e atualiza\u00e7\u00e3o do Sal\u00e1rio M\u00ednimo"},"content":{"rendered":"\n<p>A C\u00e2mara dos Vereadores de Salo\u00e1\/PE aprovou na \u00faltima sess\u00e3o ordin\u00e1ria do dia 26 de janeiro o Projeto de Lei concedendo reajuste salarial aos professores da Rede Municipal de Ensino no percentual de 3,62%, Agentes Comunit\u00e1rios de Sa\u00fade e Endemias, al\u00e9m da adequa\u00e7\u00e3o do Piso Nacional do Sal\u00e1rio M\u00ednimo vigente no pa\u00eds.<\/p>\n\n\n\n<p>Vale destacar, que a aprova\u00e7\u00e3o dos mencionados projetos s\u00e3o feitos por atos vinculados, ou seja, s\u00e3o de obriga\u00e7\u00e3o dos Munic\u00edpios, atrav\u00e9s de suas respectivas C\u00e2maras, aprovarem os valores que s\u00e3o atualizados pela Uni\u00e3o no come\u00e7o da cada ano, n\u00e3o \u00e9 uma bondade da Administra\u00e7\u00e3o Municipal, e sim, um ato obrigat\u00f3rio.<\/p>\n\n\n\n<p>Caso os Munic\u00edpios brasileiros n\u00e3o fa\u00e7am as suas atualiza\u00e7\u00f5es, baseadas nos percentuais que s\u00e3o repassados pela Uni\u00e3o, os gestores poder\u00e3o responder por crime de responsabilidade e improbidade administrativa, gerando inclusive, s\u00e9rias sans\u00f5es civis, administrativas e at\u00e9 criminais.<\/p>\n\n\n\n<p>Sendo assim, os Prefeitos que se negarem a pagar os pisos da sa\u00fade e dos professores, tendo recebido os recursos do FNS &#8211; Fundo Nacional de Sa\u00fade e do Fundeb &#8211; a partir de recursos do Fundo de Manuten\u00e7\u00e3o e Desenvolvimento da Educa\u00e7\u00e3o B\u00e1sica e de Valoriza\u00e7\u00e3o dos Profissionais da Educa\u00e7\u00e3o, repassados pela Uni\u00e3o para as prefeituras e Estados,\u00a0podem sofrer improbidade administrativa e at\u00e9 mesmo serem presos, em virtude do desvio de recurso p\u00fablico federal.<\/p>\n<div style=\"margin-top: 0px; margin-bottom: 0px;\" class=\"sharethis-inline-share-buttons\" ><\/div>","protected":false},"excerpt":{"rendered":"<p>A C\u00e2mara dos Vereadores de Salo\u00e1\/PE aprovou na \u00faltima sess\u00e3o ordin\u00e1ria do dia 26 de janeiro o Projeto de Lei concedendo reajuste salarial aos professores da Rede Municipal de Ensino no percentual de 3,62%, Agentes Comunit\u00e1rios de Sa\u00fade e Endemias, al\u00e9m da adequa\u00e7\u00e3o do Piso Nacional do Sal\u00e1rio M\u00ednimo vigente no pa\u00eds. Vale destacar, que [&hellip;]<\/p>\n","protected":false},"author":1,"featured_media":24181,"comment_status":"closed","ping_status":"closed","sticky":false,"template":"","format":"standard","meta":{"footnotes":""},"categories":[17],"tags":[22],"class_list":["post-24179","post","type-post","status-publish","format-standard","has-post-thumbnail","hentry","category-educacao","tag-destaques"],"_links":{"self":[{"href":"https:\/\/www.saloanoticias.com\/v1\/wp-json\/wp\/v2\/posts\/24179","targetHints":{"allow":["GET"]}}],"collection":[{"href":"https:\/\/www.saloanoticias.com\/v1\/wp-json\/wp\/v2\/posts"}],"about":[{"href":"https:\/\/www.saloanoticias.com\/v1\/wp-json\/wp\/v2\/types\/post"}],"author":[{"embeddable":true,"href":"https:\/\/www.saloanoticias.com\/v1\/wp-json\/wp\/v2\/users\/1"}],"replies":[{"embeddable":true,"href":"https:\/\/www.saloanoticias.com\/v1\/wp-json\/wp\/v2\/comments?post=24179"}],"version-history":[{"count":7,"href":"https:\/\/www.saloanoticias.com\/v1\/wp-json\/wp\/v2\/posts\/24179\/revisions"}],"predecessor-version":[{"id":24191,"href":"https:\/\/www.saloanoticias.com\/v1\/wp-json\/wp\/v2\/posts\/24179\/revisions\/24191"}],"wp:featuredmedia":[{"embeddable":true,"href":"https:\/\/www.saloanoticias.com\/v1\/wp-json\/wp\/v2\/media\/24181"}],"wp:attachment":[{"href":"https:\/\/www.saloanoticias.com\/v1\/wp-json\/wp\/v2\/media?parent=24179"}],"wp:term":[{"taxonomy":"category","embeddable":true,"href":"https:\/\/www.saloanoticias.com\/v1\/wp-json\/wp\/v2\/categories?post=24179"},{"taxonomy":"post_tag","embeddable":true,"href":"https:\/\/www.saloanoticias.com\/v1\/wp-json\/wp\/v2\/tags?post=24179"}],"curies":[{"name":"wp","href":"https:\/\/api.w.org\/{rel}","templated":true}]}}