{"id":24158,"date":"2024-01-25T21:59:43","date_gmt":"2024-01-26T00:59:43","guid":{"rendered":"https:\/\/www.saloanoticias.com\/v1\/?p=24158"},"modified":"2024-01-25T22:04:56","modified_gmt":"2024-01-26T01:04:56","slug":"eu-nao-fiz-acordo-de-pesquisa-com-ninguem-diz-wellington-freitas","status":"publish","type":"post","link":"https:\/\/www.saloanoticias.com\/v1\/eu-nao-fiz-acordo-de-pesquisa-com-ninguem-diz-wellington-freitas\/","title":{"rendered":"Eu n\u00e3o fiz acordo de pesquisa com ningu\u00e9m, diz Wellington Freitas"},"content":{"rendered":"\n<p>Em entrevista concedida ao jornalista Gilmar Alves na noite desta quarta-feira (24\/01\/24), o ex-vereador Wellington Freias (Republicano), disse que n\u00e3o fez acordo para realiza\u00e7\u00e3o de pesquisa com ningu\u00e9m, se referindo claramente ao v\u00eddeo publicado pelo vereador Jamel\u00e3o (MDB) no dia 16 de janeiro e que causou grande confus\u00e3o entre aqueles que fazem a oposi\u00e7\u00e3o em Salo\u00e1.<\/p>\n\n\n\n<p>A pergunta do rep\u00f3rter foi feita por conta do imbr\u00f3glio causado depois da publica\u00e7\u00e3o que foi prontamente rebatida pelo vice-prefeito Ronaldinho Birunda (UB) nas redes sociais. Wellington disse ainda que n\u00e3o sabe o motivo que infelizmente fez Jamel\u00e3o se colocar primeiro do que todo mundo, antes de escutar todo a estrutura pol\u00edtica da oposi\u00e7\u00e3o.<\/p>\n\n\n\n<p>Freitas disse ainda que far\u00e1 de tudo para unir a oposi\u00e7\u00e3o e, que caso sejam realizadas pesquisas, aceitar\u00e1 o resultado. Confira a entrevista na \u00edntegra logo abaixo:<\/p>\n\n\n\n<figure class=\"wp-block-embed aligncenter is-type-video is-provider-youtube wp-block-embed-youtube wp-embed-aspect-16-9 wp-has-aspect-ratio\"><div class=\"wp-block-embed__wrapper\">\n<iframe loading=\"lazy\" title=\"PODPERGUNTAR #10 - WELLINGTON DE FREITAS\" width=\"740\" height=\"416\" src=\"https:\/\/www.youtube.com\/embed\/LDaEpPo4YVo?feature=oembed\" frameborder=\"0\" allow=\"accelerometer; autoplay; clipboard-write; encrypted-media; gyroscope; picture-in-picture; web-share\" allowfullscreen><\/iframe>\n<\/div><\/figure>\n<div style=\"margin-top: 0px; margin-bottom: 0px;\" class=\"sharethis-inline-share-buttons\" ><\/div>","protected":false},"excerpt":{"rendered":"<p>Em entrevista concedida ao jornalista Gilmar Alves na noite desta quarta-feira (24\/01\/24), o ex-vereador Wellington Freias (Republicano), disse que n\u00e3o fez acordo para realiza\u00e7\u00e3o de pesquisa com ningu\u00e9m, se referindo claramente ao v\u00eddeo publicado pelo vereador Jamel\u00e3o (MDB) no dia 16 de janeiro e que causou grande confus\u00e3o entre aqueles que fazem a oposi\u00e7\u00e3o em [&hellip;]<\/p>\n","protected":false},"author":1,"featured_media":24160,"comment_status":"closed","ping_status":"closed","sticky":false,"template":"","format":"standard","meta":{"footnotes":""},"categories":[21],"tags":[22],"class_list":["post-24158","post","type-post","status-publish","format-standard","has-post-thumbnail","hentry","category-cidade","tag-destaques"],"_links":{"self":[{"href":"https:\/\/www.saloanoticias.com\/v1\/wp-json\/wp\/v2\/posts\/24158","targetHints":{"allow":["GET"]}}],"collection":[{"href":"https:\/\/www.saloanoticias.com\/v1\/wp-json\/wp\/v2\/posts"}],"about":[{"href":"https:\/\/www.saloanoticias.com\/v1\/wp-json\/wp\/v2\/types\/post"}],"author":[{"embeddable":true,"href":"https:\/\/www.saloanoticias.com\/v1\/wp-json\/wp\/v2\/users\/1"}],"replies":[{"embeddable":true,"href":"https:\/\/www.saloanoticias.com\/v1\/wp-json\/wp\/v2\/comments?post=24158"}],"version-history":[{"count":3,"href":"https:\/\/www.saloanoticias.com\/v1\/wp-json\/wp\/v2\/posts\/24158\/revisions"}],"predecessor-version":[{"id":24163,"href":"https:\/\/www.saloanoticias.com\/v1\/wp-json\/wp\/v2\/posts\/24158\/revisions\/24163"}],"wp:featuredmedia":[{"embeddable":true,"href":"https:\/\/www.saloanoticias.com\/v1\/wp-json\/wp\/v2\/media\/24160"}],"wp:attachment":[{"href":"https:\/\/www.saloanoticias.com\/v1\/wp-json\/wp\/v2\/media?parent=24158"}],"wp:term":[{"taxonomy":"category","embeddable":true,"href":"https:\/\/www.saloanoticias.com\/v1\/wp-json\/wp\/v2\/categories?post=24158"},{"taxonomy":"post_tag","embeddable":true,"href":"https:\/\/www.saloanoticias.com\/v1\/wp-json\/wp\/v2\/tags?post=24158"}],"curies":[{"name":"wp","href":"https:\/\/api.w.org\/{rel}","templated":true}]}}