{"id":24150,"date":"2024-01-24T10:52:19","date_gmt":"2024-01-24T13:52:19","guid":{"rendered":"https:\/\/www.saloanoticias.com\/v1\/?p=24150"},"modified":"2024-01-24T10:59:47","modified_gmt":"2024-01-24T13:59:47","slug":"ronaldinho-esclarece-video-de-jamelao-e-diz-que-e-pre-candidato-a-prefeito","status":"publish","type":"post","link":"https:\/\/www.saloanoticias.com\/v1\/ronaldinho-esclarece-video-de-jamelao-e-diz-que-e-pre-candidato-a-prefeito\/","title":{"rendered":"Ronaldinho esclarece v\u00eddeo de Jamel\u00e3o e diz que \u00e9 pr\u00e9-candidato a prefeito"},"content":{"rendered":"\n<p>O vice-prefeito Ronaldinho (UB) publicou um v\u00eddeo na noite desta ter\u00e7a-feira (23\/01) esclarecendo \u00e0 popula\u00e7\u00e3o que o vereador Jamel\u00e3o n\u00e3o representa sozinho a oposi\u00e7\u00e3o de Salo\u00e1. Na publica\u00e7\u00e3o, enfatizou que a oposi\u00e7\u00e3o precisa de di\u00e1logo e n\u00e3o de imposi\u00e7\u00f5es ou exclus\u00f5es, pois, a escolha de quem ser\u00e1 candidato deve ser uma decis\u00e3o coletiva e n\u00e3o unilateral.<\/p>\n\n\n\n<p>Segundo ele, pesquisas internas mostram um empate t\u00e9cnico na inten\u00e7\u00e3o de votos entre Welington Freitas, Ronaldinho e Jamel\u00e3o, pois isto, deve-se ter muita cautela na hora da escolha do nome para representar a oposi\u00e7\u00e3o.<\/p>\n\n\n\n<p>O v\u00eddeo rapidamente viralizou e vem repercutindo em todo o munic\u00edpio, pois, apesar de fortes, os oposicionistas ainda n\u00e3o decidiram a sua chapa. Birunda disse ainda que respeita a hist\u00f3ria do vereador e sua atua\u00e7\u00e3o parlamentar, mas n\u00e3o aceita exclus\u00f5es, j\u00e1 que pol\u00edtica se faz com di\u00e1logo, somando e multiplicando, jamais dividindo ou diminuindo.<\/p>\n\n\n\n<p>No final, Ronaldinho disse que a liberdade para a sua cidade s\u00f3 vir\u00e1 quando as decis\u00f5es forem tomadas em conjunto e acredita em uma uni\u00e3o com a participa\u00e7\u00e3o de todos com o objetivo de vencer as elei\u00e7\u00f5es que se aproximam.<\/p>\n<div style=\"margin-top: 0px; margin-bottom: 0px;\" class=\"sharethis-inline-share-buttons\" ><\/div>","protected":false},"excerpt":{"rendered":"<p>O vice-prefeito Ronaldinho (UB) publicou um v\u00eddeo na noite desta ter\u00e7a-feira (23\/01) esclarecendo \u00e0 popula\u00e7\u00e3o que o vereador Jamel\u00e3o n\u00e3o representa sozinho a oposi\u00e7\u00e3o de Salo\u00e1. Na publica\u00e7\u00e3o, enfatizou que a oposi\u00e7\u00e3o precisa de di\u00e1logo e n\u00e3o de imposi\u00e7\u00f5es ou exclus\u00f5es, pois, a escolha de quem ser\u00e1 candidato deve ser uma decis\u00e3o coletiva e n\u00e3o [&hellip;]<\/p>\n","protected":false},"author":1,"featured_media":24152,"comment_status":"closed","ping_status":"closed","sticky":false,"template":"","format":"standard","meta":{"footnotes":""},"categories":[21],"tags":[22],"class_list":["post-24150","post","type-post","status-publish","format-standard","has-post-thumbnail","hentry","category-cidade","tag-destaques"],"_links":{"self":[{"href":"https:\/\/www.saloanoticias.com\/v1\/wp-json\/wp\/v2\/posts\/24150","targetHints":{"allow":["GET"]}}],"collection":[{"href":"https:\/\/www.saloanoticias.com\/v1\/wp-json\/wp\/v2\/posts"}],"about":[{"href":"https:\/\/www.saloanoticias.com\/v1\/wp-json\/wp\/v2\/types\/post"}],"author":[{"embeddable":true,"href":"https:\/\/www.saloanoticias.com\/v1\/wp-json\/wp\/v2\/users\/1"}],"replies":[{"embeddable":true,"href":"https:\/\/www.saloanoticias.com\/v1\/wp-json\/wp\/v2\/comments?post=24150"}],"version-history":[{"count":4,"href":"https:\/\/www.saloanoticias.com\/v1\/wp-json\/wp\/v2\/posts\/24150\/revisions"}],"predecessor-version":[{"id":24156,"href":"https:\/\/www.saloanoticias.com\/v1\/wp-json\/wp\/v2\/posts\/24150\/revisions\/24156"}],"wp:featuredmedia":[{"embeddable":true,"href":"https:\/\/www.saloanoticias.com\/v1\/wp-json\/wp\/v2\/media\/24152"}],"wp:attachment":[{"href":"https:\/\/www.saloanoticias.com\/v1\/wp-json\/wp\/v2\/media?parent=24150"}],"wp:term":[{"taxonomy":"category","embeddable":true,"href":"https:\/\/www.saloanoticias.com\/v1\/wp-json\/wp\/v2\/categories?post=24150"},{"taxonomy":"post_tag","embeddable":true,"href":"https:\/\/www.saloanoticias.com\/v1\/wp-json\/wp\/v2\/tags?post=24150"}],"curies":[{"name":"wp","href":"https:\/\/api.w.org\/{rel}","templated":true}]}}