{"id":24093,"date":"2024-01-17T16:29:05","date_gmt":"2024-01-17T19:29:05","guid":{"rendered":"https:\/\/www.saloanoticias.com\/v1\/?p=24093"},"modified":"2024-01-17T16:29:36","modified_gmt":"2024-01-17T19:29:36","slug":"24093-2","status":"publish","type":"post","link":"https:\/\/www.saloanoticias.com\/v1\/24093-2\/","title":{"rendered":"Governadora Raquel Lyra recebe o prefeito do Recife, Jo\u00e3o Campos, para tratar sobre seguran\u00e7a durante o carnaval"},"content":{"rendered":"\n<p>A governadora Raquel Lyra recebeu, na tarde desta quarta-feira (17), o prefeito do Recife, Jo\u00e3o Campos. A reuni\u00e3o, solicitada pela chefe do Executivo estadual, ocorreu no Pal\u00e1cio do Campo das Princesas. Entre os assuntos tratados esteve o per\u00edodo de Carnaval 2024 na capital pernambucana, sobretudo com rela\u00e7\u00e3o ao refor\u00e7o na seguran\u00e7a durante os dias da festividade.<\/p>\n\n\n\n<p>&#8220;Pernambuco est\u00e1 pronto para fazer o melhor e mais bonito carnaval da hist\u00f3ria. Para isso, iremos garantir a seguran\u00e7a em todos os munic\u00edpios, do Litoral ao Sert\u00e3o. Desde o ano passado j\u00e1 recebemos mais de 120 prefeitos de todo o Estado. Como n\u00e3o poderia ser diferente, inclu\u00edmos o Recife e, entre outros temas, tratamos sobre a seguran\u00e7a durante esse per\u00edodo para garantir que todos os pernambucanos e turistas aproveitem a festa com paz e tranquilidade&#8221;, afirmou a governadora Raquel Lyra, que ainda tratou de outros temas, como habita\u00e7\u00e3o, sa\u00fade e educa\u00e7\u00e3o.<\/p>\n\n\n\n<p>&#8220;A expectativa \u00e9 a melhor poss\u00edvel para fazer o maior carnaval da hist\u00f3ria, com um dia a mais, que vai ter um tributo a Chico Science e a Lia de Itamarac\u00e1. A expectativa de circula\u00e7\u00e3o econ\u00f4mica \u00e9 de R$ 2,4 bilh\u00f5es, ocupa\u00e7\u00e3o m\u00e1xima hoteleira, 50 mil postos de trabalho gerados e certamente a gente vai divulgar ap\u00f3s a festa que milh\u00f5es de foli\u00f5es cruzaram as nossas ruas e estiveram na nossa terra&#8221;, afirmou Campos, que ainda convidou a gestora para a abertura do carnaval do Recife, que ocorre no dia 8 de fevereiro.<\/p>\n\n\n\n<p><strong>Seguran\u00e7a<\/strong><\/p>\n\n\n\n<p>O Governo do Estado, atrav\u00e9s da Secretaria de Defesa Social (SDS), j\u00e1 vem executando um planejamento operacional integrado desde outubro. O policiamento durante as pr\u00e9vias cobre diversas \u00e1reas do Estado e conta com a atua\u00e7\u00e3o de policiais militares, civis, cient\u00edficos e bombeiros militares.&nbsp;<\/p>\n\n\n\n<p>At\u00e9 fevereiro, ser\u00e3o realizados mais de 8 mil lan\u00e7amentos nos eventos que antecedem o Carnaval. A expectativa \u00e9 repetir o resultado positivo da Opera\u00e7\u00e3o R\u00e9veillon, que marcou a virada do ano pela seguran\u00e7a em todo o Estado.<\/p>\n<div style=\"margin-top: 0px; margin-bottom: 0px;\" class=\"sharethis-inline-share-buttons\" ><\/div>","protected":false},"excerpt":{"rendered":"<p>A governadora Raquel Lyra recebeu, na tarde desta quarta-feira (17), o prefeito do Recife, Jo\u00e3o Campos. A reuni\u00e3o, solicitada pela chefe do Executivo estadual, ocorreu no Pal\u00e1cio do Campo das Princesas. Entre os assuntos tratados esteve o per\u00edodo de Carnaval 2024 na capital pernambucana, sobretudo com rela\u00e7\u00e3o ao refor\u00e7o na seguran\u00e7a durante os dias da [&hellip;]<\/p>\n","protected":false},"author":1,"featured_media":24094,"comment_status":"closed","ping_status":"closed","sticky":false,"template":"","format":"standard","meta":{"footnotes":""},"categories":[15],"tags":[22],"class_list":["post-24093","post","type-post","status-publish","format-standard","has-post-thumbnail","hentry","category-politica","tag-destaques"],"_links":{"self":[{"href":"https:\/\/www.saloanoticias.com\/v1\/wp-json\/wp\/v2\/posts\/24093","targetHints":{"allow":["GET"]}}],"collection":[{"href":"https:\/\/www.saloanoticias.com\/v1\/wp-json\/wp\/v2\/posts"}],"about":[{"href":"https:\/\/www.saloanoticias.com\/v1\/wp-json\/wp\/v2\/types\/post"}],"author":[{"embeddable":true,"href":"https:\/\/www.saloanoticias.com\/v1\/wp-json\/wp\/v2\/users\/1"}],"replies":[{"embeddable":true,"href":"https:\/\/www.saloanoticias.com\/v1\/wp-json\/wp\/v2\/comments?post=24093"}],"version-history":[{"count":2,"href":"https:\/\/www.saloanoticias.com\/v1\/wp-json\/wp\/v2\/posts\/24093\/revisions"}],"predecessor-version":[{"id":24096,"href":"https:\/\/www.saloanoticias.com\/v1\/wp-json\/wp\/v2\/posts\/24093\/revisions\/24096"}],"wp:featuredmedia":[{"embeddable":true,"href":"https:\/\/www.saloanoticias.com\/v1\/wp-json\/wp\/v2\/media\/24094"}],"wp:attachment":[{"href":"https:\/\/www.saloanoticias.com\/v1\/wp-json\/wp\/v2\/media?parent=24093"}],"wp:term":[{"taxonomy":"category","embeddable":true,"href":"https:\/\/www.saloanoticias.com\/v1\/wp-json\/wp\/v2\/categories?post=24093"},{"taxonomy":"post_tag","embeddable":true,"href":"https:\/\/www.saloanoticias.com\/v1\/wp-json\/wp\/v2\/tags?post=24093"}],"curies":[{"name":"wp","href":"https:\/\/api.w.org\/{rel}","templated":true}]}}