{"id":23821,"date":"2023-12-14T13:28:41","date_gmt":"2023-12-14T16:28:41","guid":{"rendered":"https:\/\/www.saloanoticias.com\/v1\/?p=23821"},"modified":"2023-12-14T14:10:58","modified_gmt":"2023-12-14T17:10:58","slug":"escola-lourenco-pelo-de-melo-apresenta-na-rachaduras-no-piso-e-nas-paredes","status":"publish","type":"post","link":"https:\/\/www.saloanoticias.com\/v1\/escola-lourenco-pelo-de-melo-apresenta-na-rachaduras-no-piso-e-nas-paredes\/","title":{"rendered":"Escola Louren\u00e7o P\u00ealo de Melo do Gigante apresenta rachaduras no piso e nas paredes"},"content":{"rendered":"\n<p>Depois do grav\u00edssimo incidente ocorrido no Distrito de Iatec\u00e1 (Prata), imagens mostram que mais uma escola do munic\u00edpio pode est\u00e1 com s\u00e9rios problemas estruturais e corre o risco de gerar grandes problemas futuros para a administra\u00e7\u00e3o de Salo\u00e1.<\/p>\n\n\n\n<p>Estamos nos referindo da Escola Lour\u00ean\u00e7o P\u00ealo de Melo que fica localizada no povoado Gigante que tamb\u00e9m na zona rural da cidade. Segundo as imagens que circulam pelas redes sociais, \u00e9 facilmente percept\u00edvel que a antiga estrutura est\u00e1 muito comprometido.<\/p>\n\n\n\n<p>A reda\u00e7\u00e3o deste Blog recebeu informa\u00e7\u00f5es que funcion\u00e1rios de uma empresa de energia e\u00f3lica que se instalou no Munic\u00edpio estiveram no local analisando o pr\u00e9dio, mas repassaram a moradores que a escola \u00e9 segura.<\/p>\n\n\n\n<p>N\u00e3o sabemos informar se algum t\u00e9cnico da Prefeitura tamb\u00e9m participou da referida vistoria e qual foi o entendimento dos mesmos em rela\u00e7\u00e3o a essas fissuras no ch\u00e3o e nas paredes da escola. O fato \u00e9 que depois do desastre que aconteceu na Intermedi\u00e1ria Manoel Tiago Mendes, a popula\u00e7\u00e3o est\u00e1 apreensiva e de certa forma preocupada em rela\u00e7\u00e3o a esta antiga estrutura escola no povoado Gigante. Fica aqui o registro e espa\u00e7o aberto para as autoridades se pronunciarem a respeito desse assunto.<\/p>\n\n\n\n<figure class=\"wp-block-embed aligncenter is-type-video is-provider-youtube wp-block-embed-youtube wp-embed-aspect-16-9 wp-has-aspect-ratio\"><div class=\"wp-block-embed__wrapper\">\n<iframe loading=\"lazy\" title=\"Escola Louren\u00e7o P\u00ealo de Melo tamb\u00e9m est\u00e1 com rachaduras no piso e nas paredes.\" width=\"740\" height=\"416\" src=\"https:\/\/www.youtube.com\/embed\/16H1i8oVbFg?feature=oembed\" frameborder=\"0\" allow=\"accelerometer; autoplay; clipboard-write; encrypted-media; gyroscope; picture-in-picture; web-share\" allowfullscreen><\/iframe>\n<\/div><\/figure>\n<div style=\"margin-top: 0px; margin-bottom: 0px;\" class=\"sharethis-inline-share-buttons\" ><\/div>","protected":false},"excerpt":{"rendered":"<p>Depois do grav\u00edssimo incidente ocorrido no Distrito de Iatec\u00e1 (Prata), imagens mostram que mais uma escola do munic\u00edpio pode est\u00e1 com s\u00e9rios problemas estruturais e corre o risco de gerar grandes problemas futuros para a administra\u00e7\u00e3o de Salo\u00e1. Estamos nos referindo da Escola Lour\u00ean\u00e7o P\u00ealo de Melo que fica localizada no povoado Gigante que tamb\u00e9m [&hellip;]<\/p>\n","protected":false},"author":1,"featured_media":23823,"comment_status":"closed","ping_status":"closed","sticky":false,"template":"","format":"standard","meta":{"footnotes":""},"categories":[17],"tags":[22],"class_list":["post-23821","post","type-post","status-publish","format-standard","has-post-thumbnail","hentry","category-educacao","tag-destaques"],"_links":{"self":[{"href":"https:\/\/www.saloanoticias.com\/v1\/wp-json\/wp\/v2\/posts\/23821","targetHints":{"allow":["GET"]}}],"collection":[{"href":"https:\/\/www.saloanoticias.com\/v1\/wp-json\/wp\/v2\/posts"}],"about":[{"href":"https:\/\/www.saloanoticias.com\/v1\/wp-json\/wp\/v2\/types\/post"}],"author":[{"embeddable":true,"href":"https:\/\/www.saloanoticias.com\/v1\/wp-json\/wp\/v2\/users\/1"}],"replies":[{"embeddable":true,"href":"https:\/\/www.saloanoticias.com\/v1\/wp-json\/wp\/v2\/comments?post=23821"}],"version-history":[{"count":8,"href":"https:\/\/www.saloanoticias.com\/v1\/wp-json\/wp\/v2\/posts\/23821\/revisions"}],"predecessor-version":[{"id":23833,"href":"https:\/\/www.saloanoticias.com\/v1\/wp-json\/wp\/v2\/posts\/23821\/revisions\/23833"}],"wp:featuredmedia":[{"embeddable":true,"href":"https:\/\/www.saloanoticias.com\/v1\/wp-json\/wp\/v2\/media\/23823"}],"wp:attachment":[{"href":"https:\/\/www.saloanoticias.com\/v1\/wp-json\/wp\/v2\/media?parent=23821"}],"wp:term":[{"taxonomy":"category","embeddable":true,"href":"https:\/\/www.saloanoticias.com\/v1\/wp-json\/wp\/v2\/categories?post=23821"},{"taxonomy":"post_tag","embeddable":true,"href":"https:\/\/www.saloanoticias.com\/v1\/wp-json\/wp\/v2\/tags?post=23821"}],"curies":[{"name":"wp","href":"https:\/\/api.w.org\/{rel}","templated":true}]}}