{"id":22661,"date":"2023-08-22T10:54:37","date_gmt":"2023-08-22T13:54:37","guid":{"rendered":"https:\/\/www.saloanoticias.com\/v1\/?p=22661"},"modified":"2023-08-22T13:44:01","modified_gmt":"2023-08-22T16:44:01","slug":"nova-sede-da-prefeitura-de-saloa-custara-18-milhoes-de-reais-para-os-cofres-publicos","status":"publish","type":"post","link":"https:\/\/www.saloanoticias.com\/v1\/nova-sede-da-prefeitura-de-saloa-custara-18-milhoes-de-reais-para-os-cofres-publicos\/","title":{"rendered":"Nova sede da Prefeitura de Salo\u00e1 custar\u00e1 mais de 1,6 milh\u00e3o de reais para os cofres p\u00fablicos"},"content":{"rendered":"\n<p>A Prefeitura de Salo\u00e1\/PE abriu licita\u00e7\u00e3o no come\u00e7o de 2023 para contrata\u00e7\u00e3o de empresa de engenharia para constru\u00e7\u00e3o da sua nova sede que ficar\u00e1 localizada na travessa da Avenida Get\u00falio Vargas com a Senador Paulo Guerra, ao lado Almoxarifado.<\/p>\n\n\n<div class=\"wp-block-image\">\n<figure class=\"aligncenter size-large is-resized\"><img loading=\"lazy\" decoding=\"async\" src=\"https:\/\/www.saloanoticias.com\/v1\/wp-content\/uploads\/2023\/08\/IMG_2507-1024x489.jpeg\" alt=\"\" class=\"wp-image-22663\" width=\"942\" height=\"450\" srcset=\"https:\/\/www.saloanoticias.com\/v1\/wp-content\/uploads\/2023\/08\/IMG_2507-1024x489.jpeg 1024w, https:\/\/www.saloanoticias.com\/v1\/wp-content\/uploads\/2023\/08\/IMG_2507-300x143.jpeg 300w, https:\/\/www.saloanoticias.com\/v1\/wp-content\/uploads\/2023\/08\/IMG_2507-768x367.jpeg 768w, https:\/\/www.saloanoticias.com\/v1\/wp-content\/uploads\/2023\/08\/IMG_2507.jpeg 1077w\" sizes=\"auto, (max-width: 942px) 100vw, 942px\" \/><\/figure>\n<\/div>\n\n\n<p>O valor previsto da obra estava al\u00e7ado em mais 1,8 milh\u00e3o de reais, mas foi adjudicado R$ 1.627.395,71, pelo menos s\u00e3o os valores que constam no processo licitat\u00f3rio e ser\u00e1 realizada com recursos pr\u00f3prios . O certame tem o n\u00famero 007\/2023 e foi feito na modalidade tomada de pre\u00e7os.<\/p>\n\n\n\n<p>O prazo de execu\u00e7\u00e3o da obra est\u00e1 previsto em 8 meses corridos. Mesmo com as dificuldades financeiros enfrentadas pelos munic\u00edpios pernambucanos por conta da queda do FPM &#8211; Fundo de Participa\u00e7\u00e3o dos Munic\u00edpios, a Prefeitura de Salo\u00e1 vai investir pesado na constru\u00e7\u00e3o desse novo pr\u00e9dio que abrigar\u00e1 o gabinete do prefeito e secretarias. Para maiores informa\u00e7\u00f5es acesse: <a href=\"http:\/\/app.saloa.pe.gov.br\/transparenciamunicipal\/exibeLicitacao.aspx?ID=23&amp;cod=13467&amp;e=P\" target=\"_blank\" rel=\"noreferrer noopener\">app.saloa.pe.gov.br\/transparenciamunicipal\/exibeLicitacao.aspx?ID=23&amp;cod=13467&amp;e=P<\/a><\/p>\n\n\n<div class=\"wp-block-image\">\n<figure class=\"aligncenter size-large is-resized\"><img loading=\"lazy\" decoding=\"async\" src=\"https:\/\/www.saloanoticias.com\/v1\/wp-content\/uploads\/2023\/08\/IMG_2505-1024x498.jpeg\" alt=\"\" class=\"wp-image-22664\" width=\"926\" height=\"450\" srcset=\"https:\/\/www.saloanoticias.com\/v1\/wp-content\/uploads\/2023\/08\/IMG_2505-1024x498.jpeg 1024w, https:\/\/www.saloanoticias.com\/v1\/wp-content\/uploads\/2023\/08\/IMG_2505-300x146.jpeg 300w, https:\/\/www.saloanoticias.com\/v1\/wp-content\/uploads\/2023\/08\/IMG_2505-768x374.jpeg 768w, https:\/\/www.saloanoticias.com\/v1\/wp-content\/uploads\/2023\/08\/IMG_2505.jpeg 1081w\" sizes=\"auto, (max-width: 926px) 100vw, 926px\" \/><\/figure>\n<\/div><div style=\"margin-top: 0px; margin-bottom: 0px;\" class=\"sharethis-inline-share-buttons\" ><\/div>","protected":false},"excerpt":{"rendered":"<p>A Prefeitura de Salo\u00e1\/PE abriu licita\u00e7\u00e3o no come\u00e7o de 2023 para contrata\u00e7\u00e3o de empresa de engenharia para constru\u00e7\u00e3o da sua nova sede que ficar\u00e1 localizada na travessa da Avenida Get\u00falio Vargas com a Senador Paulo Guerra, ao lado Almoxarifado. O valor previsto da obra estava al\u00e7ado em mais 1,8 milh\u00e3o de reais, mas foi adjudicado [&hellip;]<\/p>\n","protected":false},"author":1,"featured_media":22666,"comment_status":"closed","ping_status":"closed","sticky":false,"template":"","format":"standard","meta":{"footnotes":""},"categories":[21],"tags":[22],"class_list":["post-22661","post","type-post","status-publish","format-standard","has-post-thumbnail","hentry","category-cidade","tag-destaques"],"_links":{"self":[{"href":"https:\/\/www.saloanoticias.com\/v1\/wp-json\/wp\/v2\/posts\/22661","targetHints":{"allow":["GET"]}}],"collection":[{"href":"https:\/\/www.saloanoticias.com\/v1\/wp-json\/wp\/v2\/posts"}],"about":[{"href":"https:\/\/www.saloanoticias.com\/v1\/wp-json\/wp\/v2\/types\/post"}],"author":[{"embeddable":true,"href":"https:\/\/www.saloanoticias.com\/v1\/wp-json\/wp\/v2\/users\/1"}],"replies":[{"embeddable":true,"href":"https:\/\/www.saloanoticias.com\/v1\/wp-json\/wp\/v2\/comments?post=22661"}],"version-history":[{"count":12,"href":"https:\/\/www.saloanoticias.com\/v1\/wp-json\/wp\/v2\/posts\/22661\/revisions"}],"predecessor-version":[{"id":22691,"href":"https:\/\/www.saloanoticias.com\/v1\/wp-json\/wp\/v2\/posts\/22661\/revisions\/22691"}],"wp:featuredmedia":[{"embeddable":true,"href":"https:\/\/www.saloanoticias.com\/v1\/wp-json\/wp\/v2\/media\/22666"}],"wp:attachment":[{"href":"https:\/\/www.saloanoticias.com\/v1\/wp-json\/wp\/v2\/media?parent=22661"}],"wp:term":[{"taxonomy":"category","embeddable":true,"href":"https:\/\/www.saloanoticias.com\/v1\/wp-json\/wp\/v2\/categories?post=22661"},{"taxonomy":"post_tag","embeddable":true,"href":"https:\/\/www.saloanoticias.com\/v1\/wp-json\/wp\/v2\/tags?post=22661"}],"curies":[{"name":"wp","href":"https:\/\/api.w.org\/{rel}","templated":true}]}}