{"id":22609,"date":"2023-08-17T11:04:49","date_gmt":"2023-08-17T14:04:49","guid":{"rendered":"https:\/\/www.saloanoticias.com\/v1\/?p=22609"},"modified":"2023-08-17T20:34:10","modified_gmt":"2023-08-17T23:34:10","slug":"prefeitura-de-saloa-emite-nota-sobre-pavimentacao-asfaltica-que-cedeu-na-ria-21-de-abril","status":"publish","type":"post","link":"https:\/\/www.saloanoticias.com\/v1\/prefeitura-de-saloa-emite-nota-sobre-pavimentacao-asfaltica-que-cedeu-na-ria-21-de-abril\/","title":{"rendered":"Prefeitura de Salo\u00e1 emite Nota Oficial sobre pavimenta\u00e7\u00e3o asf\u00e1ltica que cedeu na Rua 21 de Abril"},"content":{"rendered":"\n<p>Nota Oficial da Prefeitura Municipal de Salo\u00e1\/PE, atrav\u00e9s da Secretaria de Comunica\u00e7\u00e3o, sobre o rompimento do asfalto na Rua 21 de Abril na tarde desta quarta-feira (16\/08), e que foi motivo de uma mat\u00e9ria neste Blog. Confira logo abaixo a nota:<\/p>\n\n\n\n<p><em>NOTA OFICIAL: A Prefeitura Municipal de Salo\u00e1, por meio da Secretaria de Infraestrutura e Servi\u00e7os P\u00fablicos, informa que devido ao rompimento na rede de abastecimento de \u00e1gua da Companhia Pernambucana de Saneamento (Compesa) na Rua 21 de Abril a base do pavimento ficou inst\u00e1vel e cedeu na passagem do caminh\u00e3o pela via.<\/em><\/p>\n\n\n\n<p><em>Esclarecemos que, a equipe de infraestrutura foi imediatamente ao local para averiguar a situa\u00e7\u00e3o e colocou um dispositivo hidr\u00e1ulico para paralisar o escoamento da \u00e1gua e isolou o mesmo. Em seguida, entramos em contato com a equipe de manuten\u00e7\u00e3o da COMPESA no munic\u00edpio para solucionar o problema da rede.<\/em><\/p>\n\n\n\n<p><em>O Poder P\u00fablico reafirma seu compromisso com o bem estar do povo de Salo\u00e1 e com a qualidade das a\u00e7\u00f5es prestadas, j\u00e1 que essa pavimenta\u00e7\u00e3o asf\u00e1ltica foi aplicada a mais de 3 anos e nunca apresentou problemas.<\/em><\/p>\n\n\n\n<p class=\"has-text-align-center\"><em>Salo\u00e1, 17 de agosto de 2023<\/em><\/p>\n\n\n\n<p class=\"has-text-align-center\"><em>Diretoria de Comunica\u00e7\u00e3o<br>Prefeitura Municipal de Salo\u00e1\/PE<\/em><\/p>\n<div style=\"margin-top: 0px; margin-bottom: 0px;\" class=\"sharethis-inline-share-buttons\" ><\/div>","protected":false},"excerpt":{"rendered":"<p>Nota Oficial da Prefeitura Municipal de Salo\u00e1\/PE, atrav\u00e9s da Secretaria de Comunica\u00e7\u00e3o, sobre o rompimento do asfalto na Rua 21 de Abril na tarde desta quarta-feira (16\/08), e que foi motivo de uma mat\u00e9ria neste Blog. Confira logo abaixo a nota: NOTA OFICIAL: A Prefeitura Municipal de Salo\u00e1, por meio da Secretaria de Infraestrutura e [&hellip;]<\/p>\n","protected":false},"author":1,"featured_media":22625,"comment_status":"closed","ping_status":"closed","sticky":false,"template":"","format":"standard","meta":{"footnotes":""},"categories":[21],"tags":[22],"class_list":["post-22609","post","type-post","status-publish","format-standard","has-post-thumbnail","hentry","category-cidade","tag-destaques"],"_links":{"self":[{"href":"https:\/\/www.saloanoticias.com\/v1\/wp-json\/wp\/v2\/posts\/22609","targetHints":{"allow":["GET"]}}],"collection":[{"href":"https:\/\/www.saloanoticias.com\/v1\/wp-json\/wp\/v2\/posts"}],"about":[{"href":"https:\/\/www.saloanoticias.com\/v1\/wp-json\/wp\/v2\/types\/post"}],"author":[{"embeddable":true,"href":"https:\/\/www.saloanoticias.com\/v1\/wp-json\/wp\/v2\/users\/1"}],"replies":[{"embeddable":true,"href":"https:\/\/www.saloanoticias.com\/v1\/wp-json\/wp\/v2\/comments?post=22609"}],"version-history":[{"count":11,"href":"https:\/\/www.saloanoticias.com\/v1\/wp-json\/wp\/v2\/posts\/22609\/revisions"}],"predecessor-version":[{"id":22626,"href":"https:\/\/www.saloanoticias.com\/v1\/wp-json\/wp\/v2\/posts\/22609\/revisions\/22626"}],"wp:featuredmedia":[{"embeddable":true,"href":"https:\/\/www.saloanoticias.com\/v1\/wp-json\/wp\/v2\/media\/22625"}],"wp:attachment":[{"href":"https:\/\/www.saloanoticias.com\/v1\/wp-json\/wp\/v2\/media?parent=22609"}],"wp:term":[{"taxonomy":"category","embeddable":true,"href":"https:\/\/www.saloanoticias.com\/v1\/wp-json\/wp\/v2\/categories?post=22609"},{"taxonomy":"post_tag","embeddable":true,"href":"https:\/\/www.saloanoticias.com\/v1\/wp-json\/wp\/v2\/tags?post=22609"}],"curies":[{"name":"wp","href":"https:\/\/api.w.org\/{rel}","templated":true}]}}