{"id":22597,"date":"2023-08-17T20:36:26","date_gmt":"2023-08-17T23:36:26","guid":{"rendered":"https:\/\/www.saloanoticias.com\/v1\/?p=22597"},"modified":"2023-08-17T20:38:01","modified_gmt":"2023-08-17T23:38:01","slug":"jamelao-toma-o-mdb-do-ex-prefeito-de-saloa","status":"publish","type":"post","link":"https:\/\/www.saloanoticias.com\/v1\/jamelao-toma-o-mdb-do-ex-prefeito-de-saloa\/","title":{"rendered":"Jamel\u00e3o toma o MDB do ex-prefeito de Salo\u00e1 e movimenta a pol\u00edtica local"},"content":{"rendered":"\n<p>Parece que as coisas n\u00e3o andam muito boas nos \u00faltimos tempos para os governistas na cidade de Salo\u00e1\/PE. Se n\u00e3o bastassem os v\u00e1rios problemas enfrentados pela gest\u00e3o, agora a derrota foi no campo pol\u00edtico, j\u00e1 que acabaram de perder o MDB &#8211; Movimento Democr\u00e1tico Brasileiro, partido que por tantos anos detinham a lideran\u00e7a no Munic\u00edpio.<\/p>\n\n\n\n<p>A reviravolta veio \u00e0 tona na manh\u00e3 desta quarta-feira (16), quando oficialmente o site do TRE publicou os nomes da nova diretoria do partido em Salo\u00e1 que consta como presidente o pr\u00f3prio Jamel\u00e3o e mais quatro integrantes na Comiss\u00e3o Provis\u00f3ria, que ainda tem Maria Erineide Pereira Curvelo (Neide de Jamel\u00e3o) como membro.<\/p>\n\n\n\n<p>Vale destacar que essa Comiss\u00e3o \u00e9 provis\u00f3ria e tem validade at\u00e9 o dia 07\/11\/2023, conforme a certid\u00e3o emitida pelo pr\u00f3prio TRE. Diante desse novo cen\u00e1rio pol\u00edtico partid\u00e1rio, gera-se a expectativa de se saber quem fica e quem sai do MDB, j\u00e1 que esta legenda comporta atualmente nomes como Beto da Sa\u00fade, Pim da Prata, Reinaldo Martins e Lucineide da Serrinha, todos eleitos em 2020 pela legenda, al\u00e9m do atual prefeito J\u00fanior de Rivaldo e o ex-prefeito, l\u00edder desse grupo pol\u00edtico.<\/p>\n\n\n\n<p>Essa \u00e9 mais uma baixa consider\u00e1vel no governo que j\u00e1 perdeu o vice-prefeito Ronaldinho Birunda (PSB), a vereadora  Vilma da Prata (PSB), o pr\u00f3prio Jamel\u00e3o e outras lideran\u00e7as. A imprensa local especula que esse &#8220;chap\u00e9u&#8221; dado por Jamel\u00e3o em Ricardo foi uma resposta ao ex-prefeito por interferir na elei\u00e7\u00e3o da C\u00e2mara Municipal ainda em 2020 e pela promessa de apoio de Jos\u00e9 Francisco Curvelo e Paulo da \u00c1gua em 2026 para o deputado estadual Jarbinhas, filho do senador Jarbas Vasconcelos, cacique pol\u00edtico do partido a n\u00edvel estadual.<\/p>\n\n\n\n<p>O jogo est\u00e1 sendo jogado e as pe\u00e7as est\u00e3o se movimentando no  tabuleiro pol\u00edtico e cada um joga com as cartas que tem nas m\u00e3os. As coisas n\u00e3o andam nada bem para o lado governista e o projeto de perman\u00eancia no poder fica cada vez mais distante.<\/p>\n<div style=\"margin-top: 0px; margin-bottom: 0px;\" class=\"sharethis-inline-share-buttons\" ><\/div>","protected":false},"excerpt":{"rendered":"<p>Parece que as coisas n\u00e3o andam muito boas nos \u00faltimos tempos para os governistas na cidade de Salo\u00e1\/PE. Se n\u00e3o bastassem os v\u00e1rios problemas enfrentados pela gest\u00e3o, agora a derrota foi no campo pol\u00edtico, j\u00e1 que acabaram de perder o MDB &#8211; Movimento Democr\u00e1tico Brasileiro, partido que por tantos anos detinham a lideran\u00e7a no Munic\u00edpio. [&hellip;]<\/p>\n","protected":false},"author":1,"featured_media":22601,"comment_status":"closed","ping_status":"closed","sticky":false,"template":"","format":"standard","meta":{"footnotes":""},"categories":[21],"tags":[22],"class_list":["post-22597","post","type-post","status-publish","format-standard","has-post-thumbnail","hentry","category-cidade","tag-destaques"],"_links":{"self":[{"href":"https:\/\/www.saloanoticias.com\/v1\/wp-json\/wp\/v2\/posts\/22597","targetHints":{"allow":["GET"]}}],"collection":[{"href":"https:\/\/www.saloanoticias.com\/v1\/wp-json\/wp\/v2\/posts"}],"about":[{"href":"https:\/\/www.saloanoticias.com\/v1\/wp-json\/wp\/v2\/types\/post"}],"author":[{"embeddable":true,"href":"https:\/\/www.saloanoticias.com\/v1\/wp-json\/wp\/v2\/users\/1"}],"replies":[{"embeddable":true,"href":"https:\/\/www.saloanoticias.com\/v1\/wp-json\/wp\/v2\/comments?post=22597"}],"version-history":[{"count":7,"href":"https:\/\/www.saloanoticias.com\/v1\/wp-json\/wp\/v2\/posts\/22597\/revisions"}],"predecessor-version":[{"id":22608,"href":"https:\/\/www.saloanoticias.com\/v1\/wp-json\/wp\/v2\/posts\/22597\/revisions\/22608"}],"wp:featuredmedia":[{"embeddable":true,"href":"https:\/\/www.saloanoticias.com\/v1\/wp-json\/wp\/v2\/media\/22601"}],"wp:attachment":[{"href":"https:\/\/www.saloanoticias.com\/v1\/wp-json\/wp\/v2\/media?parent=22597"}],"wp:term":[{"taxonomy":"category","embeddable":true,"href":"https:\/\/www.saloanoticias.com\/v1\/wp-json\/wp\/v2\/categories?post=22597"},{"taxonomy":"post_tag","embeddable":true,"href":"https:\/\/www.saloanoticias.com\/v1\/wp-json\/wp\/v2\/tags?post=22597"}],"curies":[{"name":"wp","href":"https:\/\/api.w.org\/{rel}","templated":true}]}}