{"id":22584,"date":"2023-08-16T20:48:41","date_gmt":"2023-08-16T23:48:41","guid":{"rendered":"https:\/\/www.saloanoticias.com\/v1\/?p=22584"},"modified":"2023-08-16T21:07:32","modified_gmt":"2023-08-17T00:07:32","slug":"caminha-fica-preso-em-buraco-no-centro-de-saloa-pe","status":"publish","type":"post","link":"https:\/\/www.saloanoticias.com\/v1\/caminha-fica-preso-em-buraco-no-centro-de-saloa-pe\/","title":{"rendered":"Caminh\u00e3o ca\u00e7amba fica preso em buraco no centro de Salo\u00e1\/PE"},"content":{"rendered":"\n<p>Um fato inusitado aconteceu no centro da cidade de Salo\u00e1\/PE na tarde desta quarta-feira, dia 16 de agosto de 2023. \u00c9 que um caminh\u00e3o ca\u00e7amba carregado de areia caiu em um buraco e ficou preso na Rua 21 de Abril que fica nas proximidades da pra\u00e7a S\u00e3o Vicente.<\/p>\n\n\n\n<p>Ao que tudo indica, o ve\u00edculo vinha muito pesado e, ao passar no local, o asfalto cedeu ficando com uma das rodas literalmente encravada no buraco. Por sorte, ningu\u00e9m se feriu no estranho epis\u00f3dio. Destaca-se que o asfalto foi implantada a poucos meses no local.<\/p>\n\n\n\n<p>Outros pontos da cidade apresentam problemas na pavimenta\u00e7\u00e3o asf\u00e1ltica, dificultando a passagem de pessoas e ve\u00edculos, a exemplo na pra\u00e7a Agamenon Magalh\u00e3es e a Rua Jos\u00e9 Rodrigues. Nos \u00faltimos anos o Munic\u00edpio vem sofrendo muito com a fraca infraestrutura e mobilidade.<\/p>\n\n\n\n<p>Esse recapeamento asf\u00e1ltico no centro da cidade que era motivo de comemora\u00e7\u00e3o por parte do governo, agora parece ser motivo de preocupa\u00e7\u00e3o e dor de cabe\u00e7a com tantos problemas apresentados. <em>Foto da Internet<\/em><\/p>\n<div style=\"margin-top: 0px; margin-bottom: 0px;\" class=\"sharethis-inline-share-buttons\" ><\/div>","protected":false},"excerpt":{"rendered":"<p>Um fato inusitado aconteceu no centro da cidade de Salo\u00e1\/PE na tarde desta quarta-feira, dia 16 de agosto de 2023. \u00c9 que um caminh\u00e3o ca\u00e7amba carregado de areia caiu em um buraco e ficou preso na Rua 21 de Abril que fica nas proximidades da pra\u00e7a S\u00e3o Vicente. Ao que tudo indica, o ve\u00edculo vinha [&hellip;]<\/p>\n","protected":false},"author":1,"featured_media":22586,"comment_status":"closed","ping_status":"closed","sticky":false,"template":"","format":"standard","meta":{"footnotes":""},"categories":[21],"tags":[22],"class_list":["post-22584","post","type-post","status-publish","format-standard","has-post-thumbnail","hentry","category-cidade","tag-destaques"],"_links":{"self":[{"href":"https:\/\/www.saloanoticias.com\/v1\/wp-json\/wp\/v2\/posts\/22584","targetHints":{"allow":["GET"]}}],"collection":[{"href":"https:\/\/www.saloanoticias.com\/v1\/wp-json\/wp\/v2\/posts"}],"about":[{"href":"https:\/\/www.saloanoticias.com\/v1\/wp-json\/wp\/v2\/types\/post"}],"author":[{"embeddable":true,"href":"https:\/\/www.saloanoticias.com\/v1\/wp-json\/wp\/v2\/users\/1"}],"replies":[{"embeddable":true,"href":"https:\/\/www.saloanoticias.com\/v1\/wp-json\/wp\/v2\/comments?post=22584"}],"version-history":[{"count":7,"href":"https:\/\/www.saloanoticias.com\/v1\/wp-json\/wp\/v2\/posts\/22584\/revisions"}],"predecessor-version":[{"id":22596,"href":"https:\/\/www.saloanoticias.com\/v1\/wp-json\/wp\/v2\/posts\/22584\/revisions\/22596"}],"wp:featuredmedia":[{"embeddable":true,"href":"https:\/\/www.saloanoticias.com\/v1\/wp-json\/wp\/v2\/media\/22586"}],"wp:attachment":[{"href":"https:\/\/www.saloanoticias.com\/v1\/wp-json\/wp\/v2\/media?parent=22584"}],"wp:term":[{"taxonomy":"category","embeddable":true,"href":"https:\/\/www.saloanoticias.com\/v1\/wp-json\/wp\/v2\/categories?post=22584"},{"taxonomy":"post_tag","embeddable":true,"href":"https:\/\/www.saloanoticias.com\/v1\/wp-json\/wp\/v2\/tags?post=22584"}],"curies":[{"name":"wp","href":"https:\/\/api.w.org\/{rel}","templated":true}]}}