{"id":22492,"date":"2023-08-08T22:41:15","date_gmt":"2023-08-09T01:41:15","guid":{"rendered":"https:\/\/www.saloanoticias.com\/v1\/?p=22492"},"modified":"2023-08-08T22:58:11","modified_gmt":"2023-08-09T01:58:11","slug":"bide-vai-comemorar-seu-aniversario-no-proximo-dia-10-de-agosto-em-saloa","status":"publish","type":"post","link":"https:\/\/www.saloanoticias.com\/v1\/bide-vai-comemorar-seu-aniversario-no-proximo-dia-10-de-agosto-em-saloa\/","title":{"rendered":"Bid\u00e9 vai comemorar seu anivers\u00e1rio no pr\u00f3ximo dia 19 de agosto em Salo\u00e1"},"content":{"rendered":"\n<p>O empres\u00e1rio Jos\u00e9 Aparecido Marinheiro, o popular Bid\u00e9, vai comemorar seu anivers\u00e1rio com a presen\u00e7a de familiares e amigos no pr\u00f3ximo dia 19 de agosto na cidade de Salo\u00e1, no espa\u00e7o de eventos do tamb\u00e9m empres\u00e1rio Mauro do Caix\u00e3o.<\/p>\n\n\n\n<p>A expectativa para a festa \u00e9 muito grande, j\u00e1 que s\u00e3o esperadas muitas pessoas al\u00e9m da presen\u00e7a de pol\u00edticos, comerciantes e at\u00e9 da deputada federal Maria Arraes (Solidariedade) e do suplente de deputado Rossine Blesmany.<\/p>\n\n\n\n<p>O evento est\u00e1 previsto para come\u00e7ar \u00e0s 14h e ter\u00e1 a anima\u00e7\u00e3o do cantor saloaense Ma\u00edlson Vaqueiro, a sensa\u00e7\u00e3o das vaquejadas. Na foto, o vice-prefeito Ronaldinho Birunda (PSB), aliado pol\u00edtico de Bid\u00e9 e Cl\u00e1udio da Arapuca M\u00f3veis, que \u00e9 comerciante e locutor.<\/p>\n<div style=\"margin-top: 0px; margin-bottom: 0px;\" class=\"sharethis-inline-share-buttons\" ><\/div>","protected":false},"excerpt":{"rendered":"<p>O empres\u00e1rio Jos\u00e9 Aparecido Marinheiro, o popular Bid\u00e9, vai comemorar seu anivers\u00e1rio com a presen\u00e7a de familiares e amigos no pr\u00f3ximo dia 19 de agosto na cidade de Salo\u00e1, no espa\u00e7o de eventos do tamb\u00e9m empres\u00e1rio Mauro do Caix\u00e3o. A expectativa para a festa \u00e9 muito grande, j\u00e1 que s\u00e3o esperadas muitas pessoas al\u00e9m da [&hellip;]<\/p>\n","protected":false},"author":1,"featured_media":22494,"comment_status":"closed","ping_status":"closed","sticky":false,"template":"","format":"standard","meta":{"footnotes":""},"categories":[21],"tags":[22],"class_list":["post-22492","post","type-post","status-publish","format-standard","has-post-thumbnail","hentry","category-cidade","tag-destaques"],"_links":{"self":[{"href":"https:\/\/www.saloanoticias.com\/v1\/wp-json\/wp\/v2\/posts\/22492","targetHints":{"allow":["GET"]}}],"collection":[{"href":"https:\/\/www.saloanoticias.com\/v1\/wp-json\/wp\/v2\/posts"}],"about":[{"href":"https:\/\/www.saloanoticias.com\/v1\/wp-json\/wp\/v2\/types\/post"}],"author":[{"embeddable":true,"href":"https:\/\/www.saloanoticias.com\/v1\/wp-json\/wp\/v2\/users\/1"}],"replies":[{"embeddable":true,"href":"https:\/\/www.saloanoticias.com\/v1\/wp-json\/wp\/v2\/comments?post=22492"}],"version-history":[{"count":4,"href":"https:\/\/www.saloanoticias.com\/v1\/wp-json\/wp\/v2\/posts\/22492\/revisions"}],"predecessor-version":[{"id":22497,"href":"https:\/\/www.saloanoticias.com\/v1\/wp-json\/wp\/v2\/posts\/22492\/revisions\/22497"}],"wp:featuredmedia":[{"embeddable":true,"href":"https:\/\/www.saloanoticias.com\/v1\/wp-json\/wp\/v2\/media\/22494"}],"wp:attachment":[{"href":"https:\/\/www.saloanoticias.com\/v1\/wp-json\/wp\/v2\/media?parent=22492"}],"wp:term":[{"taxonomy":"category","embeddable":true,"href":"https:\/\/www.saloanoticias.com\/v1\/wp-json\/wp\/v2\/categories?post=22492"},{"taxonomy":"post_tag","embeddable":true,"href":"https:\/\/www.saloanoticias.com\/v1\/wp-json\/wp\/v2\/tags?post=22492"}],"curies":[{"name":"wp","href":"https:\/\/api.w.org\/{rel}","templated":true}]}}