{"id":22431,"date":"2023-07-31T00:25:18","date_gmt":"2023-07-31T03:25:18","guid":{"rendered":"https:\/\/www.saloanoticias.com\/v1\/?p=22431"},"modified":"2023-07-31T11:40:27","modified_gmt":"2023-07-31T14:40:27","slug":"o-festival-de-inverno-e-de-garanhuns-e-do-povo-nao-de-raquel-lyra","status":"publish","type":"post","link":"https:\/\/www.saloanoticias.com\/v1\/o-festival-de-inverno-e-de-garanhuns-e-do-povo-nao-de-raquel-lyra\/","title":{"rendered":"O Festival de Inverno \u00e9 de Garanhuns e do povo, n\u00e3o de Raquel Lyra"},"content":{"rendered":"\n<p>N\u00e3o tenho nenhuma d\u00favida de que se fizer uma pesquisa em Garanhuns, a partir desta semana, ampla maioria da popula\u00e7\u00e3o vai aprovar que a Prefeitura do Munic\u00edpio assuma a responsabilidade pela realiza\u00e7\u00e3o do Festival de Inverno.<\/p>\n\n\n\n<p>Muitos veem como uma briga,\u00a0 o conflito entre os governos estadual e o municipal, quando na verdade a quest\u00e3o \u00e9 mais ampla. Trata-se, antes de tudo, de defender o Festival e a pr\u00f3pria autonomia de Garanhuns.<\/p>\n\n\n\n<p>H\u00e1 tr\u00eas d\u00e9cadas, desde que foi criado o FIG, por iniciativa do ent\u00e3o prefeito Ivo Amaral, que a Fundarpe \u00e9 parceira na realiza\u00e7\u00e3o do evento. Acontece que,\u00a0 ao longo dos anos a Funda\u00e7\u00e3o Estadual se tornou a dona do evento.<\/p>\n\n\n\n<p>N\u00e3o come\u00e7ou com Raquel Lyra. No governo de Jarbas essa situa\u00e7\u00e3o j\u00e1 tinha se agravado e agora,&nbsp; com a primeira mulher comandando os destinos do Estado,&nbsp; chegamos a um est\u00e1gio de desrespeito total a Garanhuns.<\/p>\n\n\n\n<p>A programa\u00e7\u00e3o foi anunciada tardiamente e decepcionou 90% dos que acompanham o FIG desde a sua cria\u00e7\u00e3o. O resultado foi que a Pra\u00e7a Mestre Dominguinhos, principal vitrine do Festival, ficou vazia at\u00e9 em dias que tradicionalmente ficava completamente lotada.<\/p>\n\n\n\n<p>Tirando as noites em que se apresentaram Priscila Senna e Simone Mendes, duas artistas que n\u00e3o t\u00eam o perfil dos cantores e cantoras que se apresentam no evento multicultural, n\u00e3o tivemos nem um outro dia de p\u00fablico expressivo.<\/p>\n\n\n\n<p>Quem n\u00e3o lembra de como ficou a Pra\u00e7a Mestre Dominguinhos (antiga Guadalajara), quando das primeiras vezes que vieram \u00e0 cidade nomes como Fagner, Alcione, Gal Costa, Djavan, Caetano Veloso, Ana Carolina e a Banda Skank?<\/p>\n\n\n\n<p>A Avenida Dantas Barreto, A Rua Bar\u00e3o de Rio Branco, a Avenida Santo Ant\u00f4nio e at\u00e9 parte da Melo Peixoto totalmente tomadas por \u00f4nibus que trouxeram turistas do Recife, Caruaru, Macei\u00f3, Palmeira dos \u00cdndios, Arapiraca e at\u00e9 de cidades mais distantes, como Jo\u00e3o Pessoa, Natal e Aracaju.<\/p>\n\n\n\n<p>Esse cen\u00e1rio em 2023 desapareceu. Tivemos alguns dias com boa movimenta\u00e7\u00e3o no Pau Pombo e Parque Euclides Dourado, por\u00e9m no geral o Festival ficou muito aqu\u00e9m das edi\u00e7\u00f5es passadas.<\/p>\n\n\n\n<p>Diante dessa situa\u00e7\u00e3o toda, com a politiza\u00e7\u00e3o da festa com participa\u00e7\u00e3o do deputado Iza\u00edas R\u00e9gis, o prefeito teve de tomar uma atitude ousada, anunciando que a partir do pr\u00f3ximo ano o FIG vai ser organizado diretamente pelo munic\u00edpio.<\/p>\n\n\n\n<p>E o governo que atrasou tudo, que demorou a definir a data, que inclusive mudou a data do Festival j\u00e1 perto do evento come\u00e7ar, em resposta \u00e0 atitude corajosa e necess\u00e1ria de Sivaldo Albino, resolveu fixar os dias do Festival de Inverno de 2024 com um ano de anteced\u00eancia.<\/p>\n\n\n\n<p>Ora, insisto que n\u00e3o devemos encarar esse conflito como uma briga, uma disputa pol\u00edtica. Trata-se aqui de defender Garanhuns. E Sivaldo, alguns gostem ou n\u00e3o est\u00e1 em sintonia com o sentimento da popula\u00e7\u00e3o da Su\u00ed\u00e7a Pernambucana.<\/p>\n\n\n\n<p>Antes de anunciar sua decis\u00e3o, o prefeito consultou os comerciantes, os lojistas, os donos de hot\u00e9is, os propriet\u00e1rios de bares e restaurantes e tamb\u00e9m os ambulantes. Ouviu seus secret\u00e1rios, consultou o setor jur\u00eddico. E ningu\u00e9m pense que o gestor n\u00e3o est\u00e1 embasado na Lei. Est\u00e1 sim, at\u00e9 a patente com o nome Festival de Inverno de Garanhuns foi providenciada.<\/p>\n\n\n\n<p>Se a governadora Raquel Lyra quer mostrar que \u00e9 a tal, por ocupar o mais importante cargo do estado, ter\u00e1 de passar por cima da legalidade, assinar decretos antip\u00e1ticos \u00e0 popula\u00e7\u00e3o de Garanhuns e do Agreste, passar por cima de uma cidade de 142 mil habitantes.<\/p>\n\n\n\n<p>O prefeito n\u00e3o quer briga, n\u00e3o deseja conflito, sua inten\u00e7\u00e3o ficou clara no seu pronunciamento: o objetivo n\u00e3o \u00e9 peitar a governadora, se colocar acima de sua autoridade. O\u00a0 que se quer \u00e9 autonomia, respeito, organiza\u00e7\u00e3o, de modo que seja poss\u00edvel no pr\u00f3ximo ano realizar um Festival de Inverno \u00e0 altura de suas tradi\u00e7\u00f5es.<\/p>\n\n\n\n<p>Diante dessa realidade, \u00e9 importante que o povo de Garanhuns se manifeste, n\u00e3o a favor de Sivaldo ou Raquel, e sim pela sua cidade, pelo FIG, pela cultura, para n\u00e3o permitir que apequenem nossa terra e seu maior evento.<\/p>\n\n\n\n<p>Que a CDL, os sindicatos, os artistas, os produtores culturais, os universit\u00e1rios, os empres\u00e1rios que foram consultados pelo prefeito, at\u00e9 as igrejas, digam que est\u00e3o com Garanhuns.<\/p>\n\n\n\n<p>A cidade n\u00e3o pode ser afrontada pela ambi\u00e7\u00e3o pol\u00edtica do ex-prefeito e o autoritarismo de uma governante que n\u00e3o dialoga com professores, com motoristas, com policiais, com profissionais de sa\u00fade e mesmo com os prefeitos.<\/p>\n\n\n\n<p>O Festival de Inverno \u00e9 de Garanhuns, n\u00e3o vamos permitir golpes para tir\u00e1-lo de n\u00f3s!. <em>Fonte: Blog do Roberto Almeida<\/em><\/p>\n<div style=\"margin-top: 0px; margin-bottom: 0px;\" class=\"sharethis-inline-share-buttons\" ><\/div>","protected":false},"excerpt":{"rendered":"<p>N\u00e3o tenho nenhuma d\u00favida de que se fizer uma pesquisa em Garanhuns, a partir desta semana, ampla maioria da popula\u00e7\u00e3o vai aprovar que a Prefeitura do Munic\u00edpio assuma a responsabilidade pela realiza\u00e7\u00e3o do Festival de Inverno. Muitos veem como uma briga,\u00a0 o conflito entre os governos estadual e o municipal, quando na verdade a quest\u00e3o [&hellip;]<\/p>\n","protected":false},"author":1,"featured_media":22436,"comment_status":"closed","ping_status":"closed","sticky":false,"template":"","format":"standard","meta":{"footnotes":""},"categories":[28],"tags":[22],"class_list":["post-22431","post","type-post","status-publish","format-standard","has-post-thumbnail","hentry","category-turismo","tag-destaques"],"_links":{"self":[{"href":"https:\/\/www.saloanoticias.com\/v1\/wp-json\/wp\/v2\/posts\/22431","targetHints":{"allow":["GET"]}}],"collection":[{"href":"https:\/\/www.saloanoticias.com\/v1\/wp-json\/wp\/v2\/posts"}],"about":[{"href":"https:\/\/www.saloanoticias.com\/v1\/wp-json\/wp\/v2\/types\/post"}],"author":[{"embeddable":true,"href":"https:\/\/www.saloanoticias.com\/v1\/wp-json\/wp\/v2\/users\/1"}],"replies":[{"embeddable":true,"href":"https:\/\/www.saloanoticias.com\/v1\/wp-json\/wp\/v2\/comments?post=22431"}],"version-history":[{"count":3,"href":"https:\/\/www.saloanoticias.com\/v1\/wp-json\/wp\/v2\/posts\/22431\/revisions"}],"predecessor-version":[{"id":22437,"href":"https:\/\/www.saloanoticias.com\/v1\/wp-json\/wp\/v2\/posts\/22431\/revisions\/22437"}],"wp:featuredmedia":[{"embeddable":true,"href":"https:\/\/www.saloanoticias.com\/v1\/wp-json\/wp\/v2\/media\/22436"}],"wp:attachment":[{"href":"https:\/\/www.saloanoticias.com\/v1\/wp-json\/wp\/v2\/media?parent=22431"}],"wp:term":[{"taxonomy":"category","embeddable":true,"href":"https:\/\/www.saloanoticias.com\/v1\/wp-json\/wp\/v2\/categories?post=22431"},{"taxonomy":"post_tag","embeddable":true,"href":"https:\/\/www.saloanoticias.com\/v1\/wp-json\/wp\/v2\/tags?post=22431"}],"curies":[{"name":"wp","href":"https:\/\/api.w.org\/{rel}","templated":true}]}}