{"id":22407,"date":"2023-07-27T20:39:43","date_gmt":"2023-07-27T23:39:43","guid":{"rendered":"https:\/\/www.saloanoticias.com\/v1\/?p=22407"},"modified":"2023-07-27T20:50:56","modified_gmt":"2023-07-27T23:50:56","slug":"moradores-da-serrinha-da-prata-reclamam-de-buracos-nas-ruas-da-comunidade","status":"publish","type":"post","link":"https:\/\/www.saloanoticias.com\/v1\/moradores-da-serrinha-da-prata-reclamam-de-buracos-nas-ruas-da-comunidade\/","title":{"rendered":"Moradores da Serrinha da Prata reclamam de buracos nas ruas da comunidade"},"content":{"rendered":"\n<p>Uma foto postada por moradores do povoado Serrinha da Prata gerou grande repercuss\u00e3o na rede mundial de computadores. A imagem mostra alguns buracos abertos no meio da principal passagem de motoristas e pedestres naquela comunidade.<\/p>\n\n\n\n<p>Pelo que se percebe, os buracos j\u00e1 est\u00e3o l\u00e1 h\u00e1 algum tempo e a tend\u00eancia \u00e9 de que fiquem ainda maiores com o passar dos dias. Os moradores aproveitaram a oportunidade para solicitar \u00e0 Prefeitura que resolva o problema o mais r\u00e1pido poss\u00edvel.<\/p>\n\n\n\n<p>Percebe-se pela imagem que os moradores colocaram uma bolsa pl\u00e1stica pendurada em um peda\u00e7o de madeira para advertir a motociclistas e motoristas sobre o perigo que correm ao passar pelo local, e assim, evitar acidentes.<\/p>\n<div style=\"margin-top: 0px; margin-bottom: 0px;\" class=\"sharethis-inline-share-buttons\" ><\/div>","protected":false},"excerpt":{"rendered":"<p>Uma foto postada por moradores do povoado Serrinha da Prata gerou grande repercuss\u00e3o na rede mundial de computadores. A imagem mostra alguns buracos abertos no meio da principal passagem de motoristas e pedestres naquela comunidade. Pelo que se percebe, os buracos j\u00e1 est\u00e3o l\u00e1 h\u00e1 algum tempo e a tend\u00eancia \u00e9 de que fiquem ainda [&hellip;]<\/p>\n","protected":false},"author":1,"featured_media":22409,"comment_status":"closed","ping_status":"closed","sticky":false,"template":"","format":"standard","meta":{"footnotes":""},"categories":[21],"tags":[22],"class_list":["post-22407","post","type-post","status-publish","format-standard","has-post-thumbnail","hentry","category-cidade","tag-destaques"],"_links":{"self":[{"href":"https:\/\/www.saloanoticias.com\/v1\/wp-json\/wp\/v2\/posts\/22407","targetHints":{"allow":["GET"]}}],"collection":[{"href":"https:\/\/www.saloanoticias.com\/v1\/wp-json\/wp\/v2\/posts"}],"about":[{"href":"https:\/\/www.saloanoticias.com\/v1\/wp-json\/wp\/v2\/types\/post"}],"author":[{"embeddable":true,"href":"https:\/\/www.saloanoticias.com\/v1\/wp-json\/wp\/v2\/users\/1"}],"replies":[{"embeddable":true,"href":"https:\/\/www.saloanoticias.com\/v1\/wp-json\/wp\/v2\/comments?post=22407"}],"version-history":[{"count":4,"href":"https:\/\/www.saloanoticias.com\/v1\/wp-json\/wp\/v2\/posts\/22407\/revisions"}],"predecessor-version":[{"id":22415,"href":"https:\/\/www.saloanoticias.com\/v1\/wp-json\/wp\/v2\/posts\/22407\/revisions\/22415"}],"wp:featuredmedia":[{"embeddable":true,"href":"https:\/\/www.saloanoticias.com\/v1\/wp-json\/wp\/v2\/media\/22409"}],"wp:attachment":[{"href":"https:\/\/www.saloanoticias.com\/v1\/wp-json\/wp\/v2\/media?parent=22407"}],"wp:term":[{"taxonomy":"category","embeddable":true,"href":"https:\/\/www.saloanoticias.com\/v1\/wp-json\/wp\/v2\/categories?post=22407"},{"taxonomy":"post_tag","embeddable":true,"href":"https:\/\/www.saloanoticias.com\/v1\/wp-json\/wp\/v2\/tags?post=22407"}],"curies":[{"name":"wp","href":"https:\/\/api.w.org\/{rel}","templated":true}]}}