{"id":22383,"date":"2023-07-26T13:24:36","date_gmt":"2023-07-26T16:24:36","guid":{"rendered":"https:\/\/www.saloanoticias.com\/v1\/?p=22383"},"modified":"2023-07-26T13:51:36","modified_gmt":"2023-07-26T16:51:36","slug":"comeca-neste-sabado-27-as-festas-catolicas-na-prata-e-no-sao-serafim","status":"publish","type":"post","link":"https:\/\/www.saloanoticias.com\/v1\/comeca-neste-sabado-27-as-festas-catolicas-na-prata-e-no-sao-serafim\/","title":{"rendered":"Come\u00e7a nesta quinta-feira (27) as festas Cat\u00f3licas no S\u00e3o Serafim e na Prata"},"content":{"rendered":"\n<p>Come\u00e7a neste s\u00e1bado (27) as festividades Cat\u00f3licas nas comunidades de Iatec\u00e1 (Prata) e S\u00e3o Serafim em alus\u00e3o ao Sagrado Cora\u00e7\u00e3o de Jesus e S\u00e3o Serafim respectivamente. Constam nas programa\u00e7\u00f5es a realiza\u00e7\u00e3o de missas, quermesses, bingos e leil\u00f5es.<\/p>\n\n\n<div class=\"wp-block-image\">\n<figure class=\"alignleft size-full is-resized\"><img loading=\"lazy\" decoding=\"async\" src=\"https:\/\/www.saloanoticias.com\/v1\/wp-content\/uploads\/2023\/07\/igreja-do-sao-serafim-em-saloa-300x200-1.jpg\" alt=\"\" class=\"wp-image-22386\" width=\"259\" height=\"173\"\/><\/figure>\n<\/div>\n\n\n<p>Na vila de Iatec\u00e1 (Prata), a abertura da festa ter\u00e1 a presen\u00e7a do padre F\u00e1bio Soares que celebrar\u00e1 a missa de cura e liberta\u00e7\u00e3o a partir das 19 horas na capela do Sagrado Cora\u00e7\u00e3o de Jesus. O evento tem o total apoio total da Par\u00f3quia de S\u00e3o Vicente de Paulo nas pessoas dos padres Rodrigo Lima, padre Cicero Felix.<\/p>\n\n\n\n<p>\u00c9 importante destacar que essas festividades re\u00fanem centenas de pessoas todos anos movimentando positivamente a comunidade Cat\u00f3lica do Munic\u00edpio.<\/p>\n\n\n<div class=\"wp-block-image\">\n<figure class=\"aligncenter size-large\"><img loading=\"lazy\" decoding=\"async\" width=\"576\" height=\"1024\" src=\"https:\/\/www.saloanoticias.com\/v1\/wp-content\/uploads\/2023\/07\/d3566526-8097-48ee-bd4a-22c987b46a1d-576x1024.jpeg\" alt=\"\" class=\"wp-image-22395\" srcset=\"https:\/\/www.saloanoticias.com\/v1\/wp-content\/uploads\/2023\/07\/d3566526-8097-48ee-bd4a-22c987b46a1d-576x1024.jpeg 576w, https:\/\/www.saloanoticias.com\/v1\/wp-content\/uploads\/2023\/07\/d3566526-8097-48ee-bd4a-22c987b46a1d-169x300.jpeg 169w, https:\/\/www.saloanoticias.com\/v1\/wp-content\/uploads\/2023\/07\/d3566526-8097-48ee-bd4a-22c987b46a1d-768x1365.jpeg 768w, https:\/\/www.saloanoticias.com\/v1\/wp-content\/uploads\/2023\/07\/d3566526-8097-48ee-bd4a-22c987b46a1d-864x1536.jpeg 864w, https:\/\/www.saloanoticias.com\/v1\/wp-content\/uploads\/2023\/07\/d3566526-8097-48ee-bd4a-22c987b46a1d.jpeg 900w\" sizes=\"auto, (max-width: 576px) 100vw, 576px\" \/><\/figure>\n<\/div>\n\n<div class=\"wp-block-image\">\n<figure class=\"aligncenter size-large\"><img loading=\"lazy\" decoding=\"async\" width=\"674\" height=\"1024\" src=\"https:\/\/www.saloanoticias.com\/v1\/wp-content\/uploads\/2023\/07\/fa93a107-be88-4e5d-922a-d4f563963cb0-674x1024.jpeg\" alt=\"\" class=\"wp-image-22394\" srcset=\"https:\/\/www.saloanoticias.com\/v1\/wp-content\/uploads\/2023\/07\/fa93a107-be88-4e5d-922a-d4f563963cb0-674x1024.jpeg 674w, https:\/\/www.saloanoticias.com\/v1\/wp-content\/uploads\/2023\/07\/fa93a107-be88-4e5d-922a-d4f563963cb0-198x300.jpeg 198w, https:\/\/www.saloanoticias.com\/v1\/wp-content\/uploads\/2023\/07\/fa93a107-be88-4e5d-922a-d4f563963cb0-768x1166.jpeg 768w, https:\/\/www.saloanoticias.com\/v1\/wp-content\/uploads\/2023\/07\/fa93a107-be88-4e5d-922a-d4f563963cb0.jpeg 843w\" sizes=\"auto, (max-width: 674px) 100vw, 674px\" \/><\/figure>\n<\/div><div style=\"margin-top: 0px; margin-bottom: 0px;\" class=\"sharethis-inline-share-buttons\" ><\/div>","protected":false},"excerpt":{"rendered":"<p>Come\u00e7a neste s\u00e1bado (27) as festividades Cat\u00f3licas nas comunidades de Iatec\u00e1 (Prata) e S\u00e3o Serafim em alus\u00e3o ao Sagrado Cora\u00e7\u00e3o de Jesus e S\u00e3o Serafim respectivamente. Constam nas programa\u00e7\u00f5es a realiza\u00e7\u00e3o de missas, quermesses, bingos e leil\u00f5es. Na vila de Iatec\u00e1 (Prata), a abertura da festa ter\u00e1 a presen\u00e7a do padre F\u00e1bio Soares que celebrar\u00e1 [&hellip;]<\/p>\n","protected":false},"author":1,"featured_media":22385,"comment_status":"closed","ping_status":"closed","sticky":false,"template":"","format":"standard","meta":{"footnotes":""},"categories":[16],"tags":[22],"class_list":["post-22383","post","type-post","status-publish","format-standard","has-post-thumbnail","hentry","category-religiao","tag-destaques"],"_links":{"self":[{"href":"https:\/\/www.saloanoticias.com\/v1\/wp-json\/wp\/v2\/posts\/22383","targetHints":{"allow":["GET"]}}],"collection":[{"href":"https:\/\/www.saloanoticias.com\/v1\/wp-json\/wp\/v2\/posts"}],"about":[{"href":"https:\/\/www.saloanoticias.com\/v1\/wp-json\/wp\/v2\/types\/post"}],"author":[{"embeddable":true,"href":"https:\/\/www.saloanoticias.com\/v1\/wp-json\/wp\/v2\/users\/1"}],"replies":[{"embeddable":true,"href":"https:\/\/www.saloanoticias.com\/v1\/wp-json\/wp\/v2\/comments?post=22383"}],"version-history":[{"count":8,"href":"https:\/\/www.saloanoticias.com\/v1\/wp-json\/wp\/v2\/posts\/22383\/revisions"}],"predecessor-version":[{"id":22400,"href":"https:\/\/www.saloanoticias.com\/v1\/wp-json\/wp\/v2\/posts\/22383\/revisions\/22400"}],"wp:featuredmedia":[{"embeddable":true,"href":"https:\/\/www.saloanoticias.com\/v1\/wp-json\/wp\/v2\/media\/22385"}],"wp:attachment":[{"href":"https:\/\/www.saloanoticias.com\/v1\/wp-json\/wp\/v2\/media?parent=22383"}],"wp:term":[{"taxonomy":"category","embeddable":true,"href":"https:\/\/www.saloanoticias.com\/v1\/wp-json\/wp\/v2\/categories?post=22383"},{"taxonomy":"post_tag","embeddable":true,"href":"https:\/\/www.saloanoticias.com\/v1\/wp-json\/wp\/v2\/tags?post=22383"}],"curies":[{"name":"wp","href":"https:\/\/api.w.org\/{rel}","templated":true}]}}