{"id":22340,"date":"2023-07-24T10:20:38","date_gmt":"2023-07-24T13:20:38","guid":{"rendered":"https:\/\/www.saloanoticias.com\/v1\/?p=22340"},"modified":"2023-07-24T10:32:04","modified_gmt":"2023-07-24T13:32:04","slug":"ronaldinho-birunda-participa-da-abertura-do-fig-ao-lado-do-prefeito-sivaldo-albino","status":"publish","type":"post","link":"https:\/\/www.saloanoticias.com\/v1\/ronaldinho-birunda-participa-da-abertura-do-fig-ao-lado-do-prefeito-sivaldo-albino\/","title":{"rendered":"Ronaldinho Birunda participa da abertura do FIG ao lado do prefeito Sivaldo Albino"},"content":{"rendered":"\n<p>O atual vice-prefeito de Salo\u00e1 Ronaldinho Birunda (PSB) participou na \u00faltima sexta-feira (21) da abertura da 31\u00aa edi\u00e7\u00e3o do Festival de Inverno de Garanhuns ao lado do prefeito Sivaldo Albino (PSB) e outras autoridades da regi\u00e3o.<\/p>\n\n\n<div class=\"wp-block-image\">\n<figure class=\"aligncenter size-large\"><img loading=\"lazy\" decoding=\"async\" width=\"919\" height=\"1024\" src=\"https:\/\/www.saloanoticias.com\/v1\/wp-content\/uploads\/2023\/07\/78a67afd-192c-471d-81e6-fbac2bc8c951-919x1024.jpeg\" alt=\"\" class=\"wp-image-22344\" srcset=\"https:\/\/www.saloanoticias.com\/v1\/wp-content\/uploads\/2023\/07\/78a67afd-192c-471d-81e6-fbac2bc8c951-919x1024.jpeg 919w, https:\/\/www.saloanoticias.com\/v1\/wp-content\/uploads\/2023\/07\/78a67afd-192c-471d-81e6-fbac2bc8c951-269x300.jpeg 269w, https:\/\/www.saloanoticias.com\/v1\/wp-content\/uploads\/2023\/07\/78a67afd-192c-471d-81e6-fbac2bc8c951-768x856.jpeg 768w, https:\/\/www.saloanoticias.com\/v1\/wp-content\/uploads\/2023\/07\/78a67afd-192c-471d-81e6-fbac2bc8c951-1379x1536.jpeg 1379w, https:\/\/www.saloanoticias.com\/v1\/wp-content\/uploads\/2023\/07\/78a67afd-192c-471d-81e6-fbac2bc8c951.jpeg 1436w\" sizes=\"auto, (max-width: 919px) 100vw, 919px\" \/><\/figure>\n<\/div>\n\n\n<p>Para Ronaldinho Birunda, apesar dos contratempos acontecidos e das pol\u00eamicas em torno do evento, a festa foi um grande sucesso, alavancando a economia de Garanhuns e da regi\u00e3o com a presen\u00e7a de turistas de v\u00e1rios lugares do Brasil e at\u00e9 do mundo, pois o FIG \u00e9 um dos maiores eventos multiculturais do pa\u00eds.<\/p>\n\n\n<div class=\"wp-block-image\">\n<figure class=\"aligncenter size-large\"><img loading=\"lazy\" decoding=\"async\" width=\"1024\" height=\"768\" src=\"https:\/\/www.saloanoticias.com\/v1\/wp-content\/uploads\/2023\/07\/a5f5afda-b8cc-4a10-b2df-6e0f9efe5caf-1024x768.jpeg\" alt=\"\" class=\"wp-image-22345\" srcset=\"https:\/\/www.saloanoticias.com\/v1\/wp-content\/uploads\/2023\/07\/a5f5afda-b8cc-4a10-b2df-6e0f9efe5caf-1024x768.jpeg 1024w, https:\/\/www.saloanoticias.com\/v1\/wp-content\/uploads\/2023\/07\/a5f5afda-b8cc-4a10-b2df-6e0f9efe5caf-300x225.jpeg 300w, https:\/\/www.saloanoticias.com\/v1\/wp-content\/uploads\/2023\/07\/a5f5afda-b8cc-4a10-b2df-6e0f9efe5caf-768x576.jpeg 768w, https:\/\/www.saloanoticias.com\/v1\/wp-content\/uploads\/2023\/07\/a5f5afda-b8cc-4a10-b2df-6e0f9efe5caf-1536x1152.jpeg 1536w, https:\/\/www.saloanoticias.com\/v1\/wp-content\/uploads\/2023\/07\/a5f5afda-b8cc-4a10-b2df-6e0f9efe5caf.jpeg 1600w\" sizes=\"auto, (max-width: 1024px) 100vw, 1024px\" \/><\/figure>\n<\/div>\n\n\n<p>Com seu grande conhecimento no meio pol\u00edtico, o saloaense aproveitou a oportunidade para rever grandes amigos como o contador do Munic\u00edpio de Paranatama Luiz Paulo (Caluxo-Uni\u00e3o Brasil), o advogado Carlos Wagner que atuou em Salo\u00e1 por v\u00e1rios anos, o suplente de deputado Cayo albino (PSB) e v\u00e1rios vereadores de Garanhuns.<\/p>\n\n\n\n<p>Ronaldinho tamb\u00e9m foi muito bem recebido pelo secret\u00e1rio de governo Alfredo G\u00f3is e por Sandra Albino que ocupa a secretaria de cultura da cidade das Flores. O FIG se estender\u00e1 at\u00e9 o dia 29 de julho na pra\u00e7a Mestre Dominguinhos vem reunindo grandes p\u00fablicos.<\/p>\n\n\n<div class=\"wp-block-image\">\n<figure class=\"aligncenter size-large\"><img loading=\"lazy\" decoding=\"async\" width=\"768\" height=\"1024\" src=\"https:\/\/www.saloanoticias.com\/v1\/wp-content\/uploads\/2023\/07\/57d2de75-e747-4fdb-a8d7-92c50c4dedfb-768x1024.jpeg\" alt=\"\" class=\"wp-image-22346\" srcset=\"https:\/\/www.saloanoticias.com\/v1\/wp-content\/uploads\/2023\/07\/57d2de75-e747-4fdb-a8d7-92c50c4dedfb-768x1024.jpeg 768w, https:\/\/www.saloanoticias.com\/v1\/wp-content\/uploads\/2023\/07\/57d2de75-e747-4fdb-a8d7-92c50c4dedfb-225x300.jpeg 225w, https:\/\/www.saloanoticias.com\/v1\/wp-content\/uploads\/2023\/07\/57d2de75-e747-4fdb-a8d7-92c50c4dedfb-1152x1536.jpeg 1152w, https:\/\/www.saloanoticias.com\/v1\/wp-content\/uploads\/2023\/07\/57d2de75-e747-4fdb-a8d7-92c50c4dedfb.jpeg 1200w\" sizes=\"auto, (max-width: 768px) 100vw, 768px\" \/><\/figure>\n<\/div><div style=\"margin-top: 0px; margin-bottom: 0px;\" class=\"sharethis-inline-share-buttons\" ><\/div>","protected":false},"excerpt":{"rendered":"<p>O atual vice-prefeito de Salo\u00e1 Ronaldinho Birunda (PSB) participou na \u00faltima sexta-feira (21) da abertura da 31\u00aa edi\u00e7\u00e3o do Festival de Inverno de Garanhuns ao lado do prefeito Sivaldo Albino (PSB) e outras autoridades da regi\u00e3o. Para Ronaldinho Birunda, apesar dos contratempos acontecidos e das pol\u00eamicas em torno do evento, a festa foi um grande [&hellip;]<\/p>\n","protected":false},"author":1,"featured_media":22342,"comment_status":"closed","ping_status":"closed","sticky":false,"template":"","format":"standard","meta":{"footnotes":""},"categories":[21],"tags":[22],"class_list":["post-22340","post","type-post","status-publish","format-standard","has-post-thumbnail","hentry","category-cidade","tag-destaques"],"_links":{"self":[{"href":"https:\/\/www.saloanoticias.com\/v1\/wp-json\/wp\/v2\/posts\/22340","targetHints":{"allow":["GET"]}}],"collection":[{"href":"https:\/\/www.saloanoticias.com\/v1\/wp-json\/wp\/v2\/posts"}],"about":[{"href":"https:\/\/www.saloanoticias.com\/v1\/wp-json\/wp\/v2\/types\/post"}],"author":[{"embeddable":true,"href":"https:\/\/www.saloanoticias.com\/v1\/wp-json\/wp\/v2\/users\/1"}],"replies":[{"embeddable":true,"href":"https:\/\/www.saloanoticias.com\/v1\/wp-json\/wp\/v2\/comments?post=22340"}],"version-history":[{"count":10,"href":"https:\/\/www.saloanoticias.com\/v1\/wp-json\/wp\/v2\/posts\/22340\/revisions"}],"predecessor-version":[{"id":22359,"href":"https:\/\/www.saloanoticias.com\/v1\/wp-json\/wp\/v2\/posts\/22340\/revisions\/22359"}],"wp:featuredmedia":[{"embeddable":true,"href":"https:\/\/www.saloanoticias.com\/v1\/wp-json\/wp\/v2\/media\/22342"}],"wp:attachment":[{"href":"https:\/\/www.saloanoticias.com\/v1\/wp-json\/wp\/v2\/media?parent=22340"}],"wp:term":[{"taxonomy":"category","embeddable":true,"href":"https:\/\/www.saloanoticias.com\/v1\/wp-json\/wp\/v2\/categories?post=22340"},{"taxonomy":"post_tag","embeddable":true,"href":"https:\/\/www.saloanoticias.com\/v1\/wp-json\/wp\/v2\/tags?post=22340"}],"curies":[{"name":"wp","href":"https:\/\/api.w.org\/{rel}","templated":true}]}}