{"id":22326,"date":"2023-07-23T12:33:18","date_gmt":"2023-07-23T15:33:18","guid":{"rendered":"https:\/\/www.saloanoticias.com\/v1\/?p=22326"},"modified":"2023-07-23T12:45:49","modified_gmt":"2023-07-23T15:45:49","slug":"padre-rodrigo-lima-faz-agradecimentos-aos-paroquianos-pela-festa-do-seu-aniversario","status":"publish","type":"post","link":"https:\/\/www.saloanoticias.com\/v1\/padre-rodrigo-lima-faz-agradecimentos-aos-paroquianos-pela-festa-do-seu-aniversario\/","title":{"rendered":"Padre Rodrigo agradece aos paroquianos pela festa do seu anivers\u00e1rio"},"content":{"rendered":"\n<p>A comunidade cat\u00f3lica na cidade de Salo\u00e1 realizou neste s\u00e1bado, dia 22 de julho na Igreja Matriz uma bonita festa em alus\u00e3o a passagem do anivers\u00e1rio do padre Rodrigo Lima, que contou com a participa\u00e7\u00e3o de dezenas de fi\u00e9is e autoridade do Munic\u00edpio. O padre utilizou suas redes sociais e fez um velado agradecimento pela grata surpresa. Confira abaixo as palavras do sacerdote:<\/p>\n\n\n\n<p>&#8220;<em>Neste domingo, Dia do Senhor, quero louvar e agradecer a Deus pelos paroquianos que o Senhor me confiou, pela bondade e gentileza de cada um de voc\u00eas. Obrigado pelo presente coletivo que tantos contribu\u00edram, pelas lembran\u00e7as e felicita\u00e7\u00f5es por ocasi\u00e3o do meu anivers\u00e1rio natal\u00edcio e pela gentileza de sempre.<\/em><\/p>\n\n\n<div class=\"wp-block-image\">\n<figure class=\"aligncenter size-full\"><img loading=\"lazy\" decoding=\"async\" width=\"960\" height=\"613\" src=\"https:\/\/www.saloanoticias.com\/v1\/wp-content\/uploads\/2023\/07\/IMG_4264.jpeg\" alt=\"\" class=\"wp-image-22330\" srcset=\"https:\/\/www.saloanoticias.com\/v1\/wp-content\/uploads\/2023\/07\/IMG_4264.jpeg 960w, https:\/\/www.saloanoticias.com\/v1\/wp-content\/uploads\/2023\/07\/IMG_4264-300x192.jpeg 300w, https:\/\/www.saloanoticias.com\/v1\/wp-content\/uploads\/2023\/07\/IMG_4264-768x490.jpeg 768w\" sizes=\"auto, (max-width: 960px) 100vw, 960px\" \/><\/figure>\n<\/div>\n\n\n<p class=\"has-text-align-left\"><em>S\u00f3 posso pedir a Deus abundantes b\u00ean\u00e7\u00e3os sobre cada um de voc\u00eas! Deus os fa\u00e7am sempre felizes\u2026 Com minha ben\u00e7\u00e3o sacerdotal,<\/em>&#8220;<\/p>\n\n\n\n<p class=\"has-text-align-center\">Padre Rodrigo Lima.<\/p>\n\n\n<div class=\"wp-block-image\">\n<figure class=\"aligncenter size-large\"><img loading=\"lazy\" decoding=\"async\" width=\"1024\" height=\"1024\" src=\"https:\/\/www.saloanoticias.com\/v1\/wp-content\/uploads\/2023\/07\/590052ba-069a-4eae-b3c6-be84b1ac2bc0-1024x1024.jpeg\" alt=\"\" class=\"wp-image-22327\" srcset=\"https:\/\/www.saloanoticias.com\/v1\/wp-content\/uploads\/2023\/07\/590052ba-069a-4eae-b3c6-be84b1ac2bc0-1024x1024.jpeg 1024w, https:\/\/www.saloanoticias.com\/v1\/wp-content\/uploads\/2023\/07\/590052ba-069a-4eae-b3c6-be84b1ac2bc0-300x300.jpeg 300w, https:\/\/www.saloanoticias.com\/v1\/wp-content\/uploads\/2023\/07\/590052ba-069a-4eae-b3c6-be84b1ac2bc0-150x150.jpeg 150w, https:\/\/www.saloanoticias.com\/v1\/wp-content\/uploads\/2023\/07\/590052ba-069a-4eae-b3c6-be84b1ac2bc0-768x768.jpeg 768w, https:\/\/www.saloanoticias.com\/v1\/wp-content\/uploads\/2023\/07\/590052ba-069a-4eae-b3c6-be84b1ac2bc0-80x80.jpeg 80w, https:\/\/www.saloanoticias.com\/v1\/wp-content\/uploads\/2023\/07\/590052ba-069a-4eae-b3c6-be84b1ac2bc0.jpeg 1440w\" sizes=\"auto, (max-width: 1024px) 100vw, 1024px\" \/><\/figure>\n<\/div><div style=\"margin-top: 0px; margin-bottom: 0px;\" class=\"sharethis-inline-share-buttons\" ><\/div>","protected":false},"excerpt":{"rendered":"<p>A comunidade cat\u00f3lica na cidade de Salo\u00e1 realizou neste s\u00e1bado, dia 22 de julho na Igreja Matriz uma bonita festa em alus\u00e3o a passagem do anivers\u00e1rio do padre Rodrigo Lima, que contou com a participa\u00e7\u00e3o de dezenas de fi\u00e9is e autoridade do Munic\u00edpio. O padre utilizou suas redes sociais e fez um velado agradecimento pela [&hellip;]<\/p>\n","protected":false},"author":1,"featured_media":22329,"comment_status":"closed","ping_status":"closed","sticky":false,"template":"","format":"standard","meta":{"footnotes":""},"categories":[16],"tags":[22],"class_list":["post-22326","post","type-post","status-publish","format-standard","has-post-thumbnail","hentry","category-religiao","tag-destaques"],"_links":{"self":[{"href":"https:\/\/www.saloanoticias.com\/v1\/wp-json\/wp\/v2\/posts\/22326","targetHints":{"allow":["GET"]}}],"collection":[{"href":"https:\/\/www.saloanoticias.com\/v1\/wp-json\/wp\/v2\/posts"}],"about":[{"href":"https:\/\/www.saloanoticias.com\/v1\/wp-json\/wp\/v2\/types\/post"}],"author":[{"embeddable":true,"href":"https:\/\/www.saloanoticias.com\/v1\/wp-json\/wp\/v2\/users\/1"}],"replies":[{"embeddable":true,"href":"https:\/\/www.saloanoticias.com\/v1\/wp-json\/wp\/v2\/comments?post=22326"}],"version-history":[{"count":6,"href":"https:\/\/www.saloanoticias.com\/v1\/wp-json\/wp\/v2\/posts\/22326\/revisions"}],"predecessor-version":[{"id":22339,"href":"https:\/\/www.saloanoticias.com\/v1\/wp-json\/wp\/v2\/posts\/22326\/revisions\/22339"}],"wp:featuredmedia":[{"embeddable":true,"href":"https:\/\/www.saloanoticias.com\/v1\/wp-json\/wp\/v2\/media\/22329"}],"wp:attachment":[{"href":"https:\/\/www.saloanoticias.com\/v1\/wp-json\/wp\/v2\/media?parent=22326"}],"wp:term":[{"taxonomy":"category","embeddable":true,"href":"https:\/\/www.saloanoticias.com\/v1\/wp-json\/wp\/v2\/categories?post=22326"},{"taxonomy":"post_tag","embeddable":true,"href":"https:\/\/www.saloanoticias.com\/v1\/wp-json\/wp\/v2\/tags?post=22326"}],"curies":[{"name":"wp","href":"https:\/\/api.w.org\/{rel}","templated":true}]}}