{"id":22320,"date":"2023-07-22T22:43:00","date_gmt":"2023-07-23T01:43:00","guid":{"rendered":"https:\/\/www.saloanoticias.com\/v1\/?p=22320"},"modified":"2023-07-22T22:46:02","modified_gmt":"2023-07-23T01:46:02","slug":"empresa-de-energia-eolica-se-instala-em-saloa-2","status":"publish","type":"post","link":"https:\/\/www.saloanoticias.com\/v1\/empresa-de-energia-eolica-se-instala-em-saloa-2\/","title":{"rendered":"Empresa de energia e\u00f3lica se instala em Salo\u00e1 gerando empregos"},"content":{"rendered":"\n<p>Finalmente as obras de instala\u00e7\u00f5es de energia e\u00f3lica chegou ao Munic\u00edpio de Saloa. Homens e maquinas est\u00e3o a todo vapor trabalhando em estradas e vias que facilitar\u00e3o a chegada dos maquin\u00e1rios e das torres de gera\u00e7\u00e3o de energia.<\/p>\n\n\n\n<p>O principal ponto das obras da empresa est\u00e1 sendo montado no sitio Santo Ant\u00f4nio que faz divisa com o Meladinho. Com a chegada das e\u00f3licas em Salo\u00e1, o Munic\u00edpio passara a ter direitos sobre valores do ISS Imposto Sobre Servi\u00e7os e dezenas de pequenos e m\u00e9dios agricultores receber\u00e3o uma indeniza\u00e7\u00e3o mensal pela instala\u00e7\u00e3o dos equipamentos em suas propriedades.<\/p>\n\n\n\n<p>Neste primeiro momento, obras b\u00e1sicas como estradas e pr\u00e9dios para acomoda\u00e7\u00e3o de pessoas e equipamentos est\u00e3o sendo preparados e somente depois chegar\u00e3o as respectivas torres. Destacamos que nas respectivas obras v\u00eaem-se poucos trabalhadores residentes em Saloa, sendo a sua grande maioria de pessoas de fora. Brevemente traremos mais informa\u00e7\u00f5es sobre este assunto.<\/p>\n<div style=\"margin-top: 0px; margin-bottom: 0px;\" class=\"sharethis-inline-share-buttons\" ><\/div>","protected":false},"excerpt":{"rendered":"<p>Finalmente as obras de instala\u00e7\u00f5es de energia e\u00f3lica chegou ao Munic\u00edpio de Saloa. Homens e maquinas est\u00e3o a todo vapor trabalhando em estradas e vias que facilitar\u00e3o a chegada dos maquin\u00e1rios e das torres de gera\u00e7\u00e3o de energia. O principal ponto das obras da empresa est\u00e1 sendo montado no sitio Santo Ant\u00f4nio que faz divisa [&hellip;]<\/p>\n","protected":false},"author":1,"featured_media":22321,"comment_status":"closed","ping_status":"closed","sticky":false,"template":"","format":"standard","meta":{"footnotes":""},"categories":[21],"tags":[22],"class_list":["post-22320","post","type-post","status-publish","format-standard","has-post-thumbnail","hentry","category-cidade","tag-destaques"],"_links":{"self":[{"href":"https:\/\/www.saloanoticias.com\/v1\/wp-json\/wp\/v2\/posts\/22320","targetHints":{"allow":["GET"]}}],"collection":[{"href":"https:\/\/www.saloanoticias.com\/v1\/wp-json\/wp\/v2\/posts"}],"about":[{"href":"https:\/\/www.saloanoticias.com\/v1\/wp-json\/wp\/v2\/types\/post"}],"author":[{"embeddable":true,"href":"https:\/\/www.saloanoticias.com\/v1\/wp-json\/wp\/v2\/users\/1"}],"replies":[{"embeddable":true,"href":"https:\/\/www.saloanoticias.com\/v1\/wp-json\/wp\/v2\/comments?post=22320"}],"version-history":[{"count":3,"href":"https:\/\/www.saloanoticias.com\/v1\/wp-json\/wp\/v2\/posts\/22320\/revisions"}],"predecessor-version":[{"id":22325,"href":"https:\/\/www.saloanoticias.com\/v1\/wp-json\/wp\/v2\/posts\/22320\/revisions\/22325"}],"wp:featuredmedia":[{"embeddable":true,"href":"https:\/\/www.saloanoticias.com\/v1\/wp-json\/wp\/v2\/media\/22321"}],"wp:attachment":[{"href":"https:\/\/www.saloanoticias.com\/v1\/wp-json\/wp\/v2\/media?parent=22320"}],"wp:term":[{"taxonomy":"category","embeddable":true,"href":"https:\/\/www.saloanoticias.com\/v1\/wp-json\/wp\/v2\/categories?post=22320"},{"taxonomy":"post_tag","embeddable":true,"href":"https:\/\/www.saloanoticias.com\/v1\/wp-json\/wp\/v2\/tags?post=22320"}],"curies":[{"name":"wp","href":"https:\/\/api.w.org\/{rel}","templated":true}]}}