{"id":22266,"date":"2023-07-17T10:40:39","date_gmt":"2023-07-17T13:40:39","guid":{"rendered":"https:\/\/www.saloanoticias.com\/v1\/?p=22266"},"modified":"2023-07-17T14:06:09","modified_gmt":"2023-07-17T17:06:09","slug":"operacao-carro-pipa-esta-suspensa-no-municipio-de-saloa","status":"publish","type":"post","link":"https:\/\/www.saloanoticias.com\/v1\/operacao-carro-pipa-esta-suspensa-no-municipio-de-saloa\/","title":{"rendered":"Opera\u00e7\u00e3o Carro-Pipa est\u00e1 suspensa no Munic\u00edpio de Salo\u00e1"},"content":{"rendered":"\n<p>A t\u00e3o importante Opera\u00e7\u00e3o Carro-Pipa est\u00e1 suspensa em todo o Munic\u00edpio de Salo\u00e1\/PE. A informa\u00e7\u00e3o foi confirmada na \u00faltima semana pelo Ex\u00e9rcito Brasileiro que \u00e9 respons\u00e1vel pela fiscaliza\u00e7\u00e3o dos abastecimentos e se deu por falta de atualiza\u00e7\u00e3o do Decreto de Emergencial por parte da municipalidade.<\/p>\n\n\n\n<p>Pelo que apuramos, Salo\u00e1 foi exclu\u00eddo por determina\u00e7\u00e3o da SEDEC de Bras\u00edlia, e com isso, os pipeiros que fazem os abastecimentos n\u00e3o far\u00e3o as respectivas vistorias dos seus ve\u00edculos, pelo menos por enquanto.<\/p>\n\n\n\n<p>Diante da situa\u00e7\u00e3o irregular, as comunidades rurais ficar\u00e3o sem receber \u00e1gua pot\u00e1vel e, caso o Munic\u00edpio se enquadre novamente no que determinar a legisla\u00e7\u00e3o federal, a Opera\u00e7\u00e3o Carro-Pipa s\u00f3 voltar\u00e1 com os abastecimentos no 3\u00ba quadrimestre de 2023, quando ent\u00e3o os sorteados ser\u00e3o avisados para continuarem os tr\u00e2mites de contrata\u00e7\u00e3o.<\/p>\n\n\n\n<p>Essa \u00e9 sem d\u00favidas, mais uma significativa perda para o Munic\u00edpio, principalmente no per\u00edodo de ver\u00e3o onde as comunidades necessitam dos abastecimentos com \u00e1gua de boa qualidade, sobretudo para consumo humano.<\/p>\n\n\n\n<p>A&nbsp;Opera\u00e7\u00e3o Carro-Pipa&nbsp;\u00e9 uma a\u00e7\u00e3o emergencial do Governo Federal para levar \u00e1gua pot\u00e1vel a comunidades preferencialmente rurais do Semi\u00e1rido Brasileiro afetadas por seca ou estiagem, utilizando caminh\u00f5es-pipa&nbsp;para transportar a \u00e1gua de fontes previamente escolhidas.<\/p>\n<div style=\"margin-top: 0px; margin-bottom: 0px;\" class=\"sharethis-inline-share-buttons\" ><\/div>","protected":false},"excerpt":{"rendered":"<p>A t\u00e3o importante Opera\u00e7\u00e3o Carro-Pipa est\u00e1 suspensa em todo o Munic\u00edpio de Salo\u00e1\/PE. A informa\u00e7\u00e3o foi confirmada na \u00faltima semana pelo Ex\u00e9rcito Brasileiro que \u00e9 respons\u00e1vel pela fiscaliza\u00e7\u00e3o dos abastecimentos e se deu por falta de atualiza\u00e7\u00e3o do Decreto de Emergencial por parte da municipalidade. Pelo que apuramos, Salo\u00e1 foi exclu\u00eddo por determina\u00e7\u00e3o da SEDEC [&hellip;]<\/p>\n","protected":false},"author":1,"featured_media":22267,"comment_status":"closed","ping_status":"closed","sticky":false,"template":"","format":"standard","meta":{"footnotes":""},"categories":[21],"tags":[22],"class_list":["post-22266","post","type-post","status-publish","format-standard","has-post-thumbnail","hentry","category-cidade","tag-destaques"],"_links":{"self":[{"href":"https:\/\/www.saloanoticias.com\/v1\/wp-json\/wp\/v2\/posts\/22266","targetHints":{"allow":["GET"]}}],"collection":[{"href":"https:\/\/www.saloanoticias.com\/v1\/wp-json\/wp\/v2\/posts"}],"about":[{"href":"https:\/\/www.saloanoticias.com\/v1\/wp-json\/wp\/v2\/types\/post"}],"author":[{"embeddable":true,"href":"https:\/\/www.saloanoticias.com\/v1\/wp-json\/wp\/v2\/users\/1"}],"replies":[{"embeddable":true,"href":"https:\/\/www.saloanoticias.com\/v1\/wp-json\/wp\/v2\/comments?post=22266"}],"version-history":[{"count":7,"href":"https:\/\/www.saloanoticias.com\/v1\/wp-json\/wp\/v2\/posts\/22266\/revisions"}],"predecessor-version":[{"id":22276,"href":"https:\/\/www.saloanoticias.com\/v1\/wp-json\/wp\/v2\/posts\/22266\/revisions\/22276"}],"wp:featuredmedia":[{"embeddable":true,"href":"https:\/\/www.saloanoticias.com\/v1\/wp-json\/wp\/v2\/media\/22267"}],"wp:attachment":[{"href":"https:\/\/www.saloanoticias.com\/v1\/wp-json\/wp\/v2\/media?parent=22266"}],"wp:term":[{"taxonomy":"category","embeddable":true,"href":"https:\/\/www.saloanoticias.com\/v1\/wp-json\/wp\/v2\/categories?post=22266"},{"taxonomy":"post_tag","embeddable":true,"href":"https:\/\/www.saloanoticias.com\/v1\/wp-json\/wp\/v2\/tags?post=22266"}],"curies":[{"name":"wp","href":"https:\/\/api.w.org\/{rel}","templated":true}]}}