{"id":22226,"date":"2023-07-14T11:03:20","date_gmt":"2023-07-14T14:03:20","guid":{"rendered":"https:\/\/www.saloanoticias.com\/v1\/?p=22226"},"modified":"2023-07-14T13:13:14","modified_gmt":"2023-07-14T16:13:14","slug":"moradores-do-jaqueirao-reclamam-dos-servicos-da-compesa","status":"publish","type":"post","link":"https:\/\/www.saloanoticias.com\/v1\/moradores-do-jaqueirao-reclamam-dos-servicos-da-compesa\/","title":{"rendered":"Moradores do bairro Jaqueir\u00e3o reclamam dos servi\u00e7os da Compesa"},"content":{"rendered":"\n<p>N\u00e3o \u00e9 a primeira vez que os moradores de Salo\u00e1 reclamam dos servi\u00e7os prestados pela Compesa &#8211; Companhia Pernambucana de Saneamento. Desta vez, a reclama\u00e7\u00e3o veio de moradores do bairro Jaqueir\u00e3o que criticam os reparos feitos nos cal\u00e7amentos das ruas 01, 02 e S\u00e3o Jo\u00e3o, todas naquela comunidade.<\/p>\n\n\n<div class=\"wp-block-image\">\n<figure class=\"aligncenter size-full is-resized\"><img loading=\"lazy\" decoding=\"async\" src=\"https:\/\/www.saloanoticias.com\/v1\/wp-content\/uploads\/2023\/07\/967C736B-D2DF-496C-A4DC-EDE8EF56B881.jpeg\" alt=\"\" class=\"wp-image-22230\" width=\"964\" height=\"1285\" srcset=\"https:\/\/www.saloanoticias.com\/v1\/wp-content\/uploads\/2023\/07\/967C736B-D2DF-496C-A4DC-EDE8EF56B881.jpeg 720w, https:\/\/www.saloanoticias.com\/v1\/wp-content\/uploads\/2023\/07\/967C736B-D2DF-496C-A4DC-EDE8EF56B881-225x300.jpeg 225w\" sizes=\"auto, (max-width: 964px) 100vw, 964px\" \/><\/figure>\n<\/div>\n\n\n<p>Segundo os relatos, ao reparar os defeitos, os servidores deixam a pavimenta\u00e7\u00e3o mal feita e causando transtornos com buracos, vazamentos e lama, al\u00e9m do acumulo de pedras espalhadas pela rua.<\/p>\n\n\n\n<p><em>&#8220;Uma Estatal deveria ter mais cuidados e compromisso com as ruas&#8221;<\/em>, destacou um dos moradores revoltados com a situa\u00e7\u00e3o. <em>&#8220;Para voc\u00ea ver, o pessoal do setor privado que vende \u00e1gua tem mais responsabilidade do que a Compesa, por que eles n\u00e3o deixam a pavimenta\u00e7\u00e3o aberta e nem com vazamentos&#8221;<\/em>, completou.<\/p>\n\n\n\n<p>Esses moradores fazem um apelo para que as autoridades respons\u00e1veis fa\u00e7am alguma coisa para resolver esses problemas. Abrimos o espa\u00e7o em nosso site para os esclarecimentos da Compesa sobre o caso e deixamos aberto para que qualquer pessoa nos mande reclama\u00e7\u00f5es e queixas sobre outros problemas na cidade.<\/p>\n\n\n<div class=\"wp-block-image\">\n<figure class=\"aligncenter size-full is-resized\"><img loading=\"lazy\" decoding=\"async\" src=\"https:\/\/www.saloanoticias.com\/v1\/wp-content\/uploads\/2023\/07\/967C736B-D2DF-496C-A4DC-EDE8EF56B881-1.jpeg\" alt=\"\" class=\"wp-image-22231\" width=\"1070\" height=\"1427\" srcset=\"https:\/\/www.saloanoticias.com\/v1\/wp-content\/uploads\/2023\/07\/967C736B-D2DF-496C-A4DC-EDE8EF56B881-1.jpeg 720w, https:\/\/www.saloanoticias.com\/v1\/wp-content\/uploads\/2023\/07\/967C736B-D2DF-496C-A4DC-EDE8EF56B881-1-225x300.jpeg 225w\" sizes=\"auto, (max-width: 1070px) 100vw, 1070px\" \/><\/figure>\n<\/div><div style=\"margin-top: 0px; margin-bottom: 0px;\" class=\"sharethis-inline-share-buttons\" ><\/div>","protected":false},"excerpt":{"rendered":"<p>N\u00e3o \u00e9 a primeira vez que os moradores de Salo\u00e1 reclamam dos servi\u00e7os prestados pela Compesa &#8211; Companhia Pernambucana de Saneamento. Desta vez, a reclama\u00e7\u00e3o veio de moradores do bairro Jaqueir\u00e3o que criticam os reparos feitos nos cal\u00e7amentos das ruas 01, 02 e S\u00e3o Jo\u00e3o, todas naquela comunidade. Segundo os relatos, ao reparar os defeitos, [&hellip;]<\/p>\n","protected":false},"author":1,"featured_media":22229,"comment_status":"closed","ping_status":"closed","sticky":false,"template":"","format":"standard","meta":{"footnotes":""},"categories":[21],"tags":[22],"class_list":["post-22226","post","type-post","status-publish","format-standard","has-post-thumbnail","hentry","category-cidade","tag-destaques"],"_links":{"self":[{"href":"https:\/\/www.saloanoticias.com\/v1\/wp-json\/wp\/v2\/posts\/22226","targetHints":{"allow":["GET"]}}],"collection":[{"href":"https:\/\/www.saloanoticias.com\/v1\/wp-json\/wp\/v2\/posts"}],"about":[{"href":"https:\/\/www.saloanoticias.com\/v1\/wp-json\/wp\/v2\/types\/post"}],"author":[{"embeddable":true,"href":"https:\/\/www.saloanoticias.com\/v1\/wp-json\/wp\/v2\/users\/1"}],"replies":[{"embeddable":true,"href":"https:\/\/www.saloanoticias.com\/v1\/wp-json\/wp\/v2\/comments?post=22226"}],"version-history":[{"count":7,"href":"https:\/\/www.saloanoticias.com\/v1\/wp-json\/wp\/v2\/posts\/22226\/revisions"}],"predecessor-version":[{"id":22242,"href":"https:\/\/www.saloanoticias.com\/v1\/wp-json\/wp\/v2\/posts\/22226\/revisions\/22242"}],"wp:featuredmedia":[{"embeddable":true,"href":"https:\/\/www.saloanoticias.com\/v1\/wp-json\/wp\/v2\/media\/22229"}],"wp:attachment":[{"href":"https:\/\/www.saloanoticias.com\/v1\/wp-json\/wp\/v2\/media?parent=22226"}],"wp:term":[{"taxonomy":"category","embeddable":true,"href":"https:\/\/www.saloanoticias.com\/v1\/wp-json\/wp\/v2\/categories?post=22226"},{"taxonomy":"post_tag","embeddable":true,"href":"https:\/\/www.saloanoticias.com\/v1\/wp-json\/wp\/v2\/tags?post=22226"}],"curies":[{"name":"wp","href":"https:\/\/api.w.org\/{rel}","templated":true}]}}