{"id":22208,"date":"2023-07-13T13:01:11","date_gmt":"2023-07-13T16:01:11","guid":{"rendered":"https:\/\/www.saloanoticias.com\/v1\/?p=22208"},"modified":"2023-07-13T18:30:36","modified_gmt":"2023-07-13T21:30:36","slug":"saloa-perdera-duas-vagas-na-camara-e-voltara-a-ter-9-vereadores","status":"publish","type":"post","link":"https:\/\/www.saloanoticias.com\/v1\/saloa-perdera-duas-vagas-na-camara-e-voltara-a-ter-9-vereadores\/","title":{"rendered":"Salo\u00e1 ter\u00e1 duas vagas a menos na C\u00e2mara Municipal e voltar\u00e1 a ter 9 vereadores em 2025"},"content":{"rendered":"\n<p>Os dados do&nbsp;Censo 2022, divulgados recentemente pelo Instituto Brasileiro de Geografia e Estat\u00edsticas (IBGE), trouxeram impactos com rela\u00e7\u00e3o \u00e0 representatividade da popula\u00e7\u00e3o no Poder Legislativo saloaense.<\/p>\n\n\n\n<p>A&nbsp;Emenda Constitucional N\u00ba 58\/2009&nbsp;determina que o n\u00famero de vereadores deve ser proporcional \u00e0 quantidade de habitantes do munic\u00edpio. Esse c\u00e1lculo \u00e9 dividido em 24 faixas. Salo\u00e1 tinha em 2010, uma popula\u00e7\u00e3o de pouco mais de 15 mil habitantes, e a lei diz que cidades com mais de 15 mil e menos de 20 mil habitantes, podem eleger 11 representantes para o legislativo municipal.<\/p>\n\n\n\n<p>Acontece que agora, com os dados divulgados pelo IBGE a popula\u00e7\u00e3o ficou abaixo de 15 mil habitantes, ou seja, a cidade voltar\u00e1 a ter apenas 9 cadeiras no parlamento, tendo uma redu\u00e7\u00e3o de duas vagas. Ao nosso ver uma perda consider\u00e1vel na quest\u00e3o da representatividade.<\/p>\n<div style=\"margin-top: 0px; margin-bottom: 0px;\" class=\"sharethis-inline-share-buttons\" ><\/div>","protected":false},"excerpt":{"rendered":"<p>Os dados do&nbsp;Censo 2022, divulgados recentemente pelo Instituto Brasileiro de Geografia e Estat\u00edsticas (IBGE), trouxeram impactos com rela\u00e7\u00e3o \u00e0 representatividade da popula\u00e7\u00e3o no Poder Legislativo saloaense. A&nbsp;Emenda Constitucional N\u00ba 58\/2009&nbsp;determina que o n\u00famero de vereadores deve ser proporcional \u00e0 quantidade de habitantes do munic\u00edpio. Esse c\u00e1lculo \u00e9 dividido em 24 faixas. Salo\u00e1 tinha em 2010, [&hellip;]<\/p>\n","protected":false},"author":1,"featured_media":22210,"comment_status":"closed","ping_status":"closed","sticky":false,"template":"","format":"standard","meta":{"footnotes":""},"categories":[21],"tags":[22],"class_list":["post-22208","post","type-post","status-publish","format-standard","has-post-thumbnail","hentry","category-cidade","tag-destaques"],"_links":{"self":[{"href":"https:\/\/www.saloanoticias.com\/v1\/wp-json\/wp\/v2\/posts\/22208","targetHints":{"allow":["GET"]}}],"collection":[{"href":"https:\/\/www.saloanoticias.com\/v1\/wp-json\/wp\/v2\/posts"}],"about":[{"href":"https:\/\/www.saloanoticias.com\/v1\/wp-json\/wp\/v2\/types\/post"}],"author":[{"embeddable":true,"href":"https:\/\/www.saloanoticias.com\/v1\/wp-json\/wp\/v2\/users\/1"}],"replies":[{"embeddable":true,"href":"https:\/\/www.saloanoticias.com\/v1\/wp-json\/wp\/v2\/comments?post=22208"}],"version-history":[{"count":11,"href":"https:\/\/www.saloanoticias.com\/v1\/wp-json\/wp\/v2\/posts\/22208\/revisions"}],"predecessor-version":[{"id":22225,"href":"https:\/\/www.saloanoticias.com\/v1\/wp-json\/wp\/v2\/posts\/22208\/revisions\/22225"}],"wp:featuredmedia":[{"embeddable":true,"href":"https:\/\/www.saloanoticias.com\/v1\/wp-json\/wp\/v2\/media\/22210"}],"wp:attachment":[{"href":"https:\/\/www.saloanoticias.com\/v1\/wp-json\/wp\/v2\/media?parent=22208"}],"wp:term":[{"taxonomy":"category","embeddable":true,"href":"https:\/\/www.saloanoticias.com\/v1\/wp-json\/wp\/v2\/categories?post=22208"},{"taxonomy":"post_tag","embeddable":true,"href":"https:\/\/www.saloanoticias.com\/v1\/wp-json\/wp\/v2\/tags?post=22208"}],"curies":[{"name":"wp","href":"https:\/\/api.w.org\/{rel}","templated":true}]}}