{"id":22189,"date":"2023-07-12T10:24:04","date_gmt":"2023-07-12T13:24:04","guid":{"rendered":"https:\/\/www.saloanoticias.com\/v1\/?p=22189"},"modified":"2023-07-12T10:55:33","modified_gmt":"2023-07-12T13:55:33","slug":"vice-prefeito-ronaldinho-birunda-diz-infraestrutura-de-saloa-e-dos-anos-80","status":"publish","type":"post","link":"https:\/\/www.saloanoticias.com\/v1\/vice-prefeito-ronaldinho-birunda-diz-infraestrutura-de-saloa-e-dos-anos-80\/","title":{"rendered":"Vice-prefeito Ronaldinho Birunda diz que infraestrutura de Salo\u00e1 \u00e9 dos anos 80"},"content":{"rendered":"\n<p>Em uma postagem nas suas redes sociais, o vice-prefeito Ronaldinho Birunda (PSB) disse que a infraestrutura de Salo\u00e1 ainda \u00e9 dos anos 80 no que se refere as estradas e principalmente \u00e0 entrada da cidade. A cr\u00edtica foi feita em uma postagem que fala sobre situa\u00e7\u00e3o da PE-216 no trecho do posto Alto da Serra \u00e0 sede do Munic\u00edpio que est\u00e1 cheia de buracos e praticamente no barro, causando acidentes e s\u00e9rios constrangimentos aos motoristas.<\/p>\n\n\n\n<p>Ronaldinho destacou ainda a situa\u00e7\u00e3o da feira livre que acontece nas quartas-feiras, que segundo ele, est\u00e1 menor do que a feira do posto Alto da Serra em Paranatama, esta que \u00e9 realizada aos domingos. Outro ponto trazido na postagem \u00e9 a falta de apoio ao com\u00e9rcio local, que nas palavras do vice-prefeito, est\u00e1 praticamente parado. Confira abaixo a \u00edntegra da postagem que foi bastante comentada nas redes sociais.<\/p>\n\n\n\n<p><em>&#8220;Gente, quero tratar com voc\u00eas sobre um tema que \u00e9 grave e que infelizmente \u00e9 muito recorrente em nosso munic\u00edpio. Trago mais uma vez a quest\u00e3o da pista que d\u00e1 acesso a nossa cidade. \u00c9 lament\u00e1vel o fato de entrar ano e sair ano e o problema continuar, sendo um verdadeiro calv\u00e1rio para n\u00f3s que passamos todos os dias por este trecho.<\/em><\/p>\n\n\n\n<p><em>Para muitos, esse assunto n\u00e3o passa de uma pauta idiota da oposi\u00e7\u00e3o, mas esquecem-se pessoas est\u00e3o sofrendo graves acidentes e outras est\u00e3o morrendo por conta das condi\u00e7\u00f5es da pista.<\/em><\/p>\n\n\n\n<p><em>A exemplo disso, podemos citar mais um acidente ocorrido no trecho nas proximidades do Sundown Park no \u00faltimo domingo (25\/06), quando um ve\u00edculo ao livrar os buracos bateu em um motociclista, sofrendo les\u00f5es leves. Meses antes, duas pessoas perderam a vida na estrada quando motocicletas se chocaram.<\/em><\/p>\n\n\n\n<p><em>Cada, vez que passo nessa estrada me d\u00f3i na alma pela falta de compromisso das autoridades em resolver o problema. Conclamo a todas as autoridades do munic\u00edpio, seja de situa\u00e7\u00e3o ou oposi\u00e7\u00e3o para tentamos o mais breve poss\u00edvel dar um ponto final nisso, buscando atrav\u00e9s dos pol\u00edticos o apoio necess\u00e1rio junto a governadora Raquel Lyra, afinal, deputados e senadores s\u00f3 querem os votos dos saloaenses e depois somem ?<\/em><\/p>\n\n\n\n<p><em>S\u00f3 para lembrar, nunca tivemos a estrada numa situa\u00e7\u00e3o calamitosa como essa, e as vezes me sinto vivendo no come\u00e7o dos anos 80 quando ainda and\u00e1vamos nessa estrada de ch\u00e3o batido. Ou seja, ao inv\u00e9s de evoluirmos, nosso munic\u00edpio est\u00e1 andando para tr\u00e1s na quest\u00e3o de infraestrutura.<\/em><\/p>\n\n\n\n<p><em>J\u00e1 n\u00e3o basta a nossa feira livre que est\u00e1 cada vez mais diminuindo e sem apoio, sendo hoje menor do que a feira do posto Alto da Serra e o nosso com\u00e9rcio que est\u00e1 parado? Al\u00e9m de tudo isso n\u00e3o temos nem<br>mesmo estradas para se deslocar.<\/em><\/p>\n\n\n\n<p><em>N\u00e3o quero fazer cr\u00edticas \u00e0s festividades que s\u00e3o realizadas na cidade, pois elas s\u00e3o necess\u00e1rias para o entretenimento dos jovens, mas levanto uma quest\u00e3o fundamental: ser\u00e1 mesmo que temos motivos para festas ou devemos lamentar as situa\u00e7\u00f5es que estou trazendo nas linhas acima?<\/em><\/p>\n\n\n\n<p><em>Que cada um fa\u00e7a por si s\u00f3 uma reflex\u00e3o no que estou trazendo a p\u00fablico e que Deus nos ajude a rever nossas prioridade como cidad\u00e3os e cidad\u00e3s.<\/em>&#8220;<\/p>\n<div style=\"margin-top: 0px; margin-bottom: 0px;\" class=\"sharethis-inline-share-buttons\" ><\/div>","protected":false},"excerpt":{"rendered":"<p>Em uma postagem nas suas redes sociais, o vice-prefeito Ronaldinho Birunda (PSB) disse que a infraestrutura de Salo\u00e1 ainda \u00e9 dos anos 80 no que se refere as estradas e principalmente \u00e0 entrada da cidade. A cr\u00edtica foi feita em uma postagem que fala sobre situa\u00e7\u00e3o da PE-216 no trecho do posto Alto da Serra [&hellip;]<\/p>\n","protected":false},"author":1,"featured_media":22191,"comment_status":"closed","ping_status":"closed","sticky":false,"template":"","format":"standard","meta":{"footnotes":""},"categories":[21],"tags":[22],"class_list":["post-22189","post","type-post","status-publish","format-standard","has-post-thumbnail","hentry","category-cidade","tag-destaques"],"_links":{"self":[{"href":"https:\/\/www.saloanoticias.com\/v1\/wp-json\/wp\/v2\/posts\/22189","targetHints":{"allow":["GET"]}}],"collection":[{"href":"https:\/\/www.saloanoticias.com\/v1\/wp-json\/wp\/v2\/posts"}],"about":[{"href":"https:\/\/www.saloanoticias.com\/v1\/wp-json\/wp\/v2\/types\/post"}],"author":[{"embeddable":true,"href":"https:\/\/www.saloanoticias.com\/v1\/wp-json\/wp\/v2\/users\/1"}],"replies":[{"embeddable":true,"href":"https:\/\/www.saloanoticias.com\/v1\/wp-json\/wp\/v2\/comments?post=22189"}],"version-history":[{"count":10,"href":"https:\/\/www.saloanoticias.com\/v1\/wp-json\/wp\/v2\/posts\/22189\/revisions"}],"predecessor-version":[{"id":22207,"href":"https:\/\/www.saloanoticias.com\/v1\/wp-json\/wp\/v2\/posts\/22189\/revisions\/22207"}],"wp:featuredmedia":[{"embeddable":true,"href":"https:\/\/www.saloanoticias.com\/v1\/wp-json\/wp\/v2\/media\/22191"}],"wp:attachment":[{"href":"https:\/\/www.saloanoticias.com\/v1\/wp-json\/wp\/v2\/media?parent=22189"}],"wp:term":[{"taxonomy":"category","embeddable":true,"href":"https:\/\/www.saloanoticias.com\/v1\/wp-json\/wp\/v2\/categories?post=22189"},{"taxonomy":"post_tag","embeddable":true,"href":"https:\/\/www.saloanoticias.com\/v1\/wp-json\/wp\/v2\/tags?post=22189"}],"curies":[{"name":"wp","href":"https:\/\/api.w.org\/{rel}","templated":true}]}}