{"id":22163,"date":"2023-07-11T12:50:54","date_gmt":"2023-07-11T15:50:54","guid":{"rendered":"https:\/\/www.saloanoticias.com\/v1\/?p=22163"},"modified":"2023-07-11T13:14:07","modified_gmt":"2023-07-11T16:14:07","slug":"maruim-manda-e-desmanda-em-saloa-e-pode-ser-candidato-a-vereador-diz-wellington-freitas","status":"publish","type":"post","link":"https:\/\/www.saloanoticias.com\/v1\/maruim-manda-e-desmanda-em-saloa-e-pode-ser-candidato-a-vereador-diz-wellington-freitas\/","title":{"rendered":"Maruim pode ser candidato a vereador em Salo\u00e1, diz Wellington Freitas"},"content":{"rendered":"\n<p>Uma mat\u00e9ria publicada no Blog do saloaense Wellington Freitas aponta Marcos Aur\u00e9lio (Maruim), como uma pessoa que possui uma grande estrutura em suas m\u00e3os e poder\u00e1 vir como forte candidato \u00e0 C\u00e2mara Municipal.<\/p>\n\n\n\n<p>Segundo Freitas, Maruim \u00e9 atualmente secret\u00e1rio de governo e pelas informa\u00e7\u00f5es que circulam no meio pol\u00edtico, se prepara e pretende ser candidato a vereador em 2024. \u00c9 sem d\u00favidas um forte candidato a uma das vagas na c\u00e2mara de Salo\u00e1.<\/p>\n\n\n\n<p>Leva-se em conta toda a estrutura em suas m\u00e3os, j\u00e1 que \u00e9 apontado como um dos homens de confian\u00e7a do ex-prefeito Ricardo Alves (MDB) que manda e desmanda no governo de Salo\u00e1. Ele j\u00e1 foi secret\u00e1rio de governo em Brej\u00e3o quando Sandoval Cadengue era prefeito e a mat\u00e9ria destaca ainda que a fam\u00edlia Maruim vai tentar emplacar os irm\u00e3os Saulo como prefeito de Brej\u00e3o e Silas como vereador em Terezinha.<\/p>\n\n\n\n<p>Pelo que se infere do texto, a entrada de Maruim poder\u00e1 dificultar ainda mais para os que tiverem interesse em disputar o Legislativo Municipal pelo grupo da situa\u00e7\u00e3o, j\u00e1 que ser\u00e3o apenas nove vagas na C\u00e2mara. <em>Com informa\u00e7\u00f5es e foto do Blog do Wellington Freitas<\/em><\/p>\n<div style=\"margin-top: 0px; margin-bottom: 0px;\" class=\"sharethis-inline-share-buttons\" ><\/div>","protected":false},"excerpt":{"rendered":"<p>Uma mat\u00e9ria publicada no Blog do saloaense Wellington Freitas aponta Marcos Aur\u00e9lio (Maruim), como uma pessoa que possui uma grande estrutura em suas m\u00e3os e poder\u00e1 vir como forte candidato \u00e0 C\u00e2mara Municipal. Segundo Freitas, Maruim \u00e9 atualmente secret\u00e1rio de governo e pelas informa\u00e7\u00f5es que circulam no meio pol\u00edtico, se prepara e pretende ser candidato [&hellip;]<\/p>\n","protected":false},"author":1,"featured_media":22165,"comment_status":"closed","ping_status":"closed","sticky":false,"template":"","format":"standard","meta":{"footnotes":""},"categories":[21],"tags":[22],"class_list":["post-22163","post","type-post","status-publish","format-standard","has-post-thumbnail","hentry","category-cidade","tag-destaques"],"_links":{"self":[{"href":"https:\/\/www.saloanoticias.com\/v1\/wp-json\/wp\/v2\/posts\/22163","targetHints":{"allow":["GET"]}}],"collection":[{"href":"https:\/\/www.saloanoticias.com\/v1\/wp-json\/wp\/v2\/posts"}],"about":[{"href":"https:\/\/www.saloanoticias.com\/v1\/wp-json\/wp\/v2\/types\/post"}],"author":[{"embeddable":true,"href":"https:\/\/www.saloanoticias.com\/v1\/wp-json\/wp\/v2\/users\/1"}],"replies":[{"embeddable":true,"href":"https:\/\/www.saloanoticias.com\/v1\/wp-json\/wp\/v2\/comments?post=22163"}],"version-history":[{"count":15,"href":"https:\/\/www.saloanoticias.com\/v1\/wp-json\/wp\/v2\/posts\/22163\/revisions"}],"predecessor-version":[{"id":22188,"href":"https:\/\/www.saloanoticias.com\/v1\/wp-json\/wp\/v2\/posts\/22163\/revisions\/22188"}],"wp:featuredmedia":[{"embeddable":true,"href":"https:\/\/www.saloanoticias.com\/v1\/wp-json\/wp\/v2\/media\/22165"}],"wp:attachment":[{"href":"https:\/\/www.saloanoticias.com\/v1\/wp-json\/wp\/v2\/media?parent=22163"}],"wp:term":[{"taxonomy":"category","embeddable":true,"href":"https:\/\/www.saloanoticias.com\/v1\/wp-json\/wp\/v2\/categories?post=22163"},{"taxonomy":"post_tag","embeddable":true,"href":"https:\/\/www.saloanoticias.com\/v1\/wp-json\/wp\/v2\/tags?post=22163"}],"curies":[{"name":"wp","href":"https:\/\/api.w.org\/{rel}","templated":true}]}}