{"id":22106,"date":"2023-07-04T13:24:15","date_gmt":"2023-07-04T16:24:15","guid":{"rendered":"https:\/\/www.saloanoticias.com\/v1\/?p=22106"},"modified":"2023-07-04T13:37:39","modified_gmt":"2023-07-04T16:37:39","slug":"novo-padre-de-saloa-e-aprovado-com-nota-maxima-em-doutorado-em-roma","status":"publish","type":"post","link":"https:\/\/www.saloanoticias.com\/v1\/novo-padre-de-saloa-e-aprovado-com-nota-maxima-em-doutorado-em-roma\/","title":{"rendered":"Novo padre de Salo\u00e1 \u00e9 aprovado com nota m\u00e1xima de doutorado em Roma"},"content":{"rendered":"\n<p>Depois de quase seis anos de estudos na It\u00e1lia de Padre Thiago Fellipe, novo p\u00e1roco da cidade de Salo\u00e1, ao defender sua tese de Doutorado na Universidade Pontif\u00edcia Lateranense em Roma no \u00faltimo dia 21 de junho, foi aprovado com nota m\u00e1xima e Summa com Laudes.<\/p>\n\n\n\n<p>Padre Thiago, deixou sua vida como p\u00e1roco da Par\u00f3quia Nossa Senhora de Ros\u00e1rio ap\u00f3s solicitar ren\u00fancia ao ent\u00e3o Bispo Diocesano Dom Paulo Jackson, deixou sua m\u00e3e, irm\u00e3os, sobrinhos e familiares para, a princ\u00edpio fazer Mestrado em Direito Can\u00f4nico no ano de 2017, o qual terminou com nota m\u00e1xima e louvor, recebendo o T\u00edtulo de Mestre.<\/p>\n\n\n\n<p>Com tanto empenho e dedica\u00e7\u00e3o recebeu o convite para tamb\u00e9m fazer o Doutorado. Mesmo com muitas saudade de casa, e j\u00e1 exausto pelo tempo de afastamento, nova cultura, nova l\u00edngua, novos costumes e j\u00e1 h\u00e1 tr\u00eas anos sem exercer com regularidade seu of\u00edcio sacerdotal, ele n\u00e3o pensou duas vezes, apresentou a proposta a seu Bispo e recebeu a autoriza\u00e7\u00e3o de permanecer para o novo desafio de montar uma tese de Doutorado e ap\u00f3s pouco mais de dois anos de estudos apresentar sua defesa p\u00fablica.<\/p>\n\n\n\n<p>Agora chegou a hora de voltar com vasta bagagem e na mala dois t\u00edtulos universit\u00e1rio da famosa &#8220;universidade do papa&#8221; Mestrado e Doutorado em Direito Can\u00f4nico e dar sua contribui\u00e7\u00e3o \u00e0 Diocese de Garanhuns a frente da par\u00f3quia de S\u00e3o Vicente de Paulo. Padre Thiago fellipe \u00e9 mais um jovem sacerdote que chega ao Munic\u00edpio de Salo\u00e1\/PE. <em>Com informa\u00e7\u00f5es do Portal Classe A<\/em><\/p>\n<div style=\"margin-top: 0px; margin-bottom: 0px;\" class=\"sharethis-inline-share-buttons\" ><\/div>","protected":false},"excerpt":{"rendered":"<p>Depois de quase seis anos de estudos na It\u00e1lia de Padre Thiago Fellipe, novo p\u00e1roco da cidade de Salo\u00e1, ao defender sua tese de Doutorado na Universidade Pontif\u00edcia Lateranense em Roma no \u00faltimo dia 21 de junho, foi aprovado com nota m\u00e1xima e Summa com Laudes. Padre Thiago, deixou sua vida como p\u00e1roco da Par\u00f3quia [&hellip;]<\/p>\n","protected":false},"author":1,"featured_media":22108,"comment_status":"closed","ping_status":"closed","sticky":false,"template":"","format":"standard","meta":{"footnotes":""},"categories":[16],"tags":[22],"class_list":["post-22106","post","type-post","status-publish","format-standard","has-post-thumbnail","hentry","category-religiao","tag-destaques"],"_links":{"self":[{"href":"https:\/\/www.saloanoticias.com\/v1\/wp-json\/wp\/v2\/posts\/22106","targetHints":{"allow":["GET"]}}],"collection":[{"href":"https:\/\/www.saloanoticias.com\/v1\/wp-json\/wp\/v2\/posts"}],"about":[{"href":"https:\/\/www.saloanoticias.com\/v1\/wp-json\/wp\/v2\/types\/post"}],"author":[{"embeddable":true,"href":"https:\/\/www.saloanoticias.com\/v1\/wp-json\/wp\/v2\/users\/1"}],"replies":[{"embeddable":true,"href":"https:\/\/www.saloanoticias.com\/v1\/wp-json\/wp\/v2\/comments?post=22106"}],"version-history":[{"count":4,"href":"https:\/\/www.saloanoticias.com\/v1\/wp-json\/wp\/v2\/posts\/22106\/revisions"}],"predecessor-version":[{"id":22113,"href":"https:\/\/www.saloanoticias.com\/v1\/wp-json\/wp\/v2\/posts\/22106\/revisions\/22113"}],"wp:featuredmedia":[{"embeddable":true,"href":"https:\/\/www.saloanoticias.com\/v1\/wp-json\/wp\/v2\/media\/22108"}],"wp:attachment":[{"href":"https:\/\/www.saloanoticias.com\/v1\/wp-json\/wp\/v2\/media?parent=22106"}],"wp:term":[{"taxonomy":"category","embeddable":true,"href":"https:\/\/www.saloanoticias.com\/v1\/wp-json\/wp\/v2\/categories?post=22106"},{"taxonomy":"post_tag","embeddable":true,"href":"https:\/\/www.saloanoticias.com\/v1\/wp-json\/wp\/v2\/tags?post=22106"}],"curies":[{"name":"wp","href":"https:\/\/api.w.org\/{rel}","templated":true}]}}