{"id":21862,"date":"2023-06-12T21:51:15","date_gmt":"2023-06-13T00:51:15","guid":{"rendered":"https:\/\/www.saloanoticias.com\/v1\/?p=21862"},"modified":"2023-06-12T22:46:59","modified_gmt":"2023-06-13T01:46:59","slug":"diocese-comunica-a-saida-do-padre-rodrigo-e-a-chagada-do-padre-tiago-a-saloa","status":"publish","type":"post","link":"https:\/\/www.saloanoticias.com\/v1\/diocese-comunica-a-saida-do-padre-rodrigo-e-a-chagada-do-padre-tiago-a-saloa\/","title":{"rendered":"Diocese comunica a sa\u00edda do padre Rodrigo e a chegada do padre Thiago a Salo\u00e1"},"content":{"rendered":"\n<p>A Diocese de Garanhuns comunicou nesta segunda-feira, dia 12 de junho, a sa\u00edda do padre Rodrigo Lima da cidade de Salo\u00e1 e a chegada do padre Thiago. A mudan\u00e7a ao que tudo indica pegou todos de surpresa, principalmente pelo fato de o padre local estar bem acomodado e fazendo um excelente trabalho na Par\u00f3quia de S\u00e3o Vicente de Paulo.<\/p>\n\n\n\n<p>Depois da nota oficial da C\u00faria Diocesana, padre Rodrigo usou as redes sociais para agradecer e fazer uma breve apresenta\u00e7\u00e3o do novo padre da cidade bem como do di\u00e1cono que vem o acompanhando. Confira logo abaixo a nota publicada por padre Rodrigo.<\/p>\n\n\n\n<p><em>Queridos paroquianos! Pe\u00e7o humildemente a ora\u00e7\u00e3o de todos voc\u00eas. O novo de Deus sempre nos surpreende e a miss\u00e3o da igreja \u00e9 sempre din\u00e2mica e permanente. Rezemos por todos aqueles que Deus chama para essas novas miss\u00f5es!<\/em><\/p>\n\n\n\n<p><em>Sempre fui muito feliz em Salo\u00e1. Jamais esquecerei nenhum de voc\u00eas e os levarei sempre em meu cora\u00e7\u00e3o! Saibam que poder\u00e3o contar comigo sempre que precisarem e sobretudo com minhas ora\u00e7\u00f5es!<br>Conhe\u00e7o o padre Thiago a muitos anos, desde que ele era seminarista. Trabalhei um ano com ele quando era p\u00e1roco de Nossa Senhora do Ros\u00e1rio em Jupi.<\/em><\/p>\n\n\n\n<p><em>Um excelente padre, muito zeloso e inteligente. Foi ordenado juntamente com os padres Marcos Andr\u00e9 e Pool Anderson em 2010. Atualmente mora em Roma onde est\u00e1 terminando seus estudos em Direito Can\u00f4nico. J\u00e1 o di\u00e1cono Jefferson ser\u00e1 ordenado padre no pr\u00f3ximo dia 2 de agosto juntamente com Eduardo, filho de nossa par\u00f3quia.<\/em><\/p>\n\n\n\n<p><em>Tive a alegria de morar com ele alguns anos no semin\u00e1rio de Caruaru. Os dois s\u00e3o grandes presentes que nossa diocese, atrav\u00e9s de nosso Bispo Dom Paulo, est\u00e1 dando ao povo querido de Salo\u00e1. Pe\u00e7o que os acolham t\u00e3o bem, quanto tem me acolhido durante esses 4 anos que estive em vosso meio.<\/em><\/p>\n\n\n\n<p>Com minha ben\u00e7\u00e3o sacerdotal,<br>Padre Rodrigo Lima.<\/p>\n<div style=\"margin-top: 0px; margin-bottom: 0px;\" class=\"sharethis-inline-share-buttons\" ><\/div>","protected":false},"excerpt":{"rendered":"<p>A Diocese de Garanhuns comunicou nesta segunda-feira, dia 12 de junho, a sa\u00edda do padre Rodrigo Lima da cidade de Salo\u00e1 e a chegada do padre Thiago. A mudan\u00e7a ao que tudo indica pegou todos de surpresa, principalmente pelo fato de o padre local estar bem acomodado e fazendo um excelente trabalho na Par\u00f3quia de [&hellip;]<\/p>\n","protected":false},"author":1,"featured_media":21868,"comment_status":"closed","ping_status":"closed","sticky":false,"template":"","format":"standard","meta":{"footnotes":""},"categories":[16],"tags":[22],"class_list":["post-21862","post","type-post","status-publish","format-standard","has-post-thumbnail","hentry","category-religiao","tag-destaques"],"_links":{"self":[{"href":"https:\/\/www.saloanoticias.com\/v1\/wp-json\/wp\/v2\/posts\/21862","targetHints":{"allow":["GET"]}}],"collection":[{"href":"https:\/\/www.saloanoticias.com\/v1\/wp-json\/wp\/v2\/posts"}],"about":[{"href":"https:\/\/www.saloanoticias.com\/v1\/wp-json\/wp\/v2\/types\/post"}],"author":[{"embeddable":true,"href":"https:\/\/www.saloanoticias.com\/v1\/wp-json\/wp\/v2\/users\/1"}],"replies":[{"embeddable":true,"href":"https:\/\/www.saloanoticias.com\/v1\/wp-json\/wp\/v2\/comments?post=21862"}],"version-history":[{"count":7,"href":"https:\/\/www.saloanoticias.com\/v1\/wp-json\/wp\/v2\/posts\/21862\/revisions"}],"predecessor-version":[{"id":21875,"href":"https:\/\/www.saloanoticias.com\/v1\/wp-json\/wp\/v2\/posts\/21862\/revisions\/21875"}],"wp:featuredmedia":[{"embeddable":true,"href":"https:\/\/www.saloanoticias.com\/v1\/wp-json\/wp\/v2\/media\/21868"}],"wp:attachment":[{"href":"https:\/\/www.saloanoticias.com\/v1\/wp-json\/wp\/v2\/media?parent=21862"}],"wp:term":[{"taxonomy":"category","embeddable":true,"href":"https:\/\/www.saloanoticias.com\/v1\/wp-json\/wp\/v2\/categories?post=21862"},{"taxonomy":"post_tag","embeddable":true,"href":"https:\/\/www.saloanoticias.com\/v1\/wp-json\/wp\/v2\/tags?post=21862"}],"curies":[{"name":"wp","href":"https:\/\/api.w.org\/{rel}","templated":true}]}}