{"id":2163,"date":"2015-10-04T19:17:00","date_gmt":"2015-10-04T19:17:00","guid":{"rendered":"https:\/\/saloanoticias.mrmediaweb.com\/v1\/2015\/10\/04\/daqui-a-pouco-divulgacao-o-resultado-das-eleicoes-do-conselho-tutelar-em-saloa\/"},"modified":"2015-10-04T19:17:00","modified_gmt":"2015-10-04T19:17:00","slug":"daqui-a-pouco-divulgacao-o-resultado-das-eleicoes-do-conselho-tutelar-em-saloa","status":"publish","type":"post","link":"https:\/\/www.saloanoticias.com\/v1\/daqui-a-pouco-divulgacao-o-resultado-das-eleicoes-do-conselho-tutelar-em-saloa\/","title":{"rendered":"DAQUI A POUCO DIVULGA\u00c7\u00c3O O RESULTADO DAS ELEI\u00c7\u00d5ES DO CONSELHO TUTELAR"},"content":{"rendered":"<p align=\"justify\"><font size=\"3\" face=\"Arial\"><a href=\"http:\/\/www.saloanoticias.com\/images\/conselho-tutelar-eleio.gif\"><img loading=\"lazy\" decoding=\"async\" title=\"conselho-tutelar-elei&ccedil;&atilde;o\" style=\"border-top: 0px; border-right: 0px; background-image: none; border-bottom: 0px; float: left; padding-top: 0px; padding-left: 0px; margin: 5px 5px 0px 0px; border-left: 0px; display: inline; padding-right: 0px\" border=\"0\" alt=\"conselho-tutelar-elei&ccedil;&atilde;o\" src=\"http:\/\/www.saloanoticias.com\/v1\/wp-content\/uploads\/imagens\/conselho-tutelar-eleio_thumb.gif\" width=\"240\" align=\"left\" height=\"181\"><\/a>Daqui a pouco divulgaremos o resultado das elei\u00e7\u00f5es do Conselho Tutelar na cidade de Salo\u00e1\/PE. At\u00e9 o momento o fluxo de pessoas na escola S\u00e3o Vicente \u00e9 grande, por\u00e9m, tudo na maior normalidade. Falta menos de uma hora para encerramento do pleito e logo depois abertura das urnas com os respectivos resultados. Os eleitos ter\u00e3o quatro anos de mandatos e ter\u00e3o estabilidade na fun\u00e7\u00e3o. Logo mais o resultado final aqui no Blog Salo\u00e1 Not\u00edcias.<\/font><\/p>\n<div style=\"margin-top: 0px; margin-bottom: 0px;\" class=\"sharethis-inline-share-buttons\" ><\/div>","protected":false},"excerpt":{"rendered":"<p>Daqui a pouco divulgaremos o resultado das elei\u00e7\u00f5es do Conselho Tutelar na cidade de Salo\u00e1\/PE. At\u00e9 o momento o fluxo de pessoas na escola S\u00e3o Vicente \u00e9 grande, por\u00e9m, tudo na maior normalidade. Falta menos de uma hora para encerramento do pleito e logo depois abertura das urnas com os respectivos resultados. Os eleitos ter\u00e3o [&hellip;]<\/p>\n","protected":false},"author":1,"featured_media":0,"comment_status":"open","ping_status":"open","sticky":false,"template":"","format":"standard","meta":{"footnotes":""},"categories":[2],"tags":[],"class_list":["post-2163","post","type-post","status-publish","format-standard","hentry","category-noticias-do-dia"],"_links":{"self":[{"href":"https:\/\/www.saloanoticias.com\/v1\/wp-json\/wp\/v2\/posts\/2163","targetHints":{"allow":["GET"]}}],"collection":[{"href":"https:\/\/www.saloanoticias.com\/v1\/wp-json\/wp\/v2\/posts"}],"about":[{"href":"https:\/\/www.saloanoticias.com\/v1\/wp-json\/wp\/v2\/types\/post"}],"author":[{"embeddable":true,"href":"https:\/\/www.saloanoticias.com\/v1\/wp-json\/wp\/v2\/users\/1"}],"replies":[{"embeddable":true,"href":"https:\/\/www.saloanoticias.com\/v1\/wp-json\/wp\/v2\/comments?post=2163"}],"version-history":[{"count":0,"href":"https:\/\/www.saloanoticias.com\/v1\/wp-json\/wp\/v2\/posts\/2163\/revisions"}],"wp:attachment":[{"href":"https:\/\/www.saloanoticias.com\/v1\/wp-json\/wp\/v2\/media?parent=2163"}],"wp:term":[{"taxonomy":"category","embeddable":true,"href":"https:\/\/www.saloanoticias.com\/v1\/wp-json\/wp\/v2\/categories?post=2163"},{"taxonomy":"post_tag","embeddable":true,"href":"https:\/\/www.saloanoticias.com\/v1\/wp-json\/wp\/v2\/tags?post=2163"}],"curies":[{"name":"wp","href":"https:\/\/api.w.org\/{rel}","templated":true}]}}