{"id":2141,"date":"2015-09-27T20:56:59","date_gmt":"2015-09-27T20:56:59","guid":{"rendered":"https:\/\/saloanoticias.mrmediaweb.com\/v1\/2015\/09\/27\/festa-de-sao-vicente-termina-hoje\/"},"modified":"2015-09-27T20:56:59","modified_gmt":"2015-09-27T20:56:59","slug":"festa-de-sao-vicente-termina-hoje","status":"publish","type":"post","link":"https:\/\/www.saloanoticias.com\/v1\/festa-de-sao-vicente-termina-hoje\/","title":{"rendered":"FESTA DE S\u00c3O VICENTE TERMINA HOJE (27)"},"content":{"rendered":"<p align=\"justify\"><font size=\"3\" face=\"Arial\"><a href=\"http:\/\/www.saloanoticias.com\/images\/so-vicente-de-paulo_34c33341a230b421d97ad77138ab9986.jpg\"><img loading=\"lazy\" decoding=\"async\" title=\"S&atilde;o Vicente de Paulo\" style=\"border-left-width: 0px; border-right-width: 0px; background-image: none; border-bottom-width: 0px; float: left; padding-top: 0px; padding-left: 0px; margin: 5px 5px 0px 0px; display: inline; padding-right: 0px; border-top-width: 0px\" border=\"0\" alt=\"S&atilde;o Vicente de Paulo\" src=\"http:\/\/www.saloanoticias.com\/v1\/wp-content\/uploads\/imagens\/so-vicente-de-paulo_thumb_8bae7ebd7e300133e6d3b1922f673f55.jpg\" width=\"240\" align=\"left\" height=\"200\"><\/a>Termina na noite deste domingo, dia 27 de setembro as festividades do padroeiro S\u00e3o Vicente de Paulo na cidade de Salo\u00e1\/PE. A festa se estendeu do dia 18 at\u00e9 hoje e contou com a participa\u00e7\u00e3o de milhares de paroquianos que estiveram nas missas, prociss\u00f5es e demais atividades da festa. Na programa\u00e7\u00e3o de encerramento consta a prociss\u00e3o que aconteceu \u00e0s 15 horas pelas principais ruas da cidade com a imagem de S\u00e3o Vicente, depois a missa de encerramento e o t\u00e3o esperado bingo beneficente, em prol da par\u00f3quia.<\/font><\/p>\n<p align=\"justify\"><font size=\"3\" face=\"Arial\">J\u00e1 na parte da noite haver\u00e1 uma grande seresta no palco cultural que fica na frente da matriz. A qualquer momento mais informa\u00e7\u00f5es sobre a festa.<\/font><\/p>\n<div style=\"margin-top: 0px; margin-bottom: 0px;\" class=\"sharethis-inline-share-buttons\" ><\/div>","protected":false},"excerpt":{"rendered":"<p>Termina na noite deste domingo, dia 27 de setembro as festividades do padroeiro S\u00e3o Vicente de Paulo na cidade de Salo\u00e1\/PE. A festa se estendeu do dia 18 at\u00e9 hoje e contou com a participa\u00e7\u00e3o de milhares de paroquianos que estiveram nas missas, prociss\u00f5es e demais atividades da festa. Na programa\u00e7\u00e3o de encerramento consta a [&hellip;]<\/p>\n","protected":false},"author":1,"featured_media":0,"comment_status":"open","ping_status":"open","sticky":false,"template":"","format":"standard","meta":{"footnotes":""},"categories":[2],"tags":[],"class_list":["post-2141","post","type-post","status-publish","format-standard","hentry","category-noticias-do-dia"],"_links":{"self":[{"href":"https:\/\/www.saloanoticias.com\/v1\/wp-json\/wp\/v2\/posts\/2141","targetHints":{"allow":["GET"]}}],"collection":[{"href":"https:\/\/www.saloanoticias.com\/v1\/wp-json\/wp\/v2\/posts"}],"about":[{"href":"https:\/\/www.saloanoticias.com\/v1\/wp-json\/wp\/v2\/types\/post"}],"author":[{"embeddable":true,"href":"https:\/\/www.saloanoticias.com\/v1\/wp-json\/wp\/v2\/users\/1"}],"replies":[{"embeddable":true,"href":"https:\/\/www.saloanoticias.com\/v1\/wp-json\/wp\/v2\/comments?post=2141"}],"version-history":[{"count":0,"href":"https:\/\/www.saloanoticias.com\/v1\/wp-json\/wp\/v2\/posts\/2141\/revisions"}],"wp:attachment":[{"href":"https:\/\/www.saloanoticias.com\/v1\/wp-json\/wp\/v2\/media?parent=2141"}],"wp:term":[{"taxonomy":"category","embeddable":true,"href":"https:\/\/www.saloanoticias.com\/v1\/wp-json\/wp\/v2\/categories?post=2141"},{"taxonomy":"post_tag","embeddable":true,"href":"https:\/\/www.saloanoticias.com\/v1\/wp-json\/wp\/v2\/tags?post=2141"}],"curies":[{"name":"wp","href":"https:\/\/api.w.org\/{rel}","templated":true}]}}