{"id":2140,"date":"2015-09-27T12:28:42","date_gmt":"2015-09-27T12:28:42","guid":{"rendered":"https:\/\/saloanoticias.mrmediaweb.com\/v1\/2015\/09\/27\/hoje-tem-cavalgada-cabral-em-saloa\/"},"modified":"2015-09-27T12:28:42","modified_gmt":"2015-09-27T12:28:42","slug":"hoje-tem-cavalgada-cabral-em-saloa","status":"publish","type":"post","link":"https:\/\/www.saloanoticias.com\/v1\/hoje-tem-cavalgada-cabral-em-saloa\/","title":{"rendered":"HOJE TEM 3\u00aa CAVALGADA CABRAL EM SALO\u00c1"},"content":{"rendered":"<p align=\"justify\"><font size=\"3\" face=\"Arial\"><a href=\"http:\/\/www.saloanoticias.com\/images\/img_3059_09b63e2a0cb219868e32eea4d9922572.jpg\"><img loading=\"lazy\" decoding=\"async\" title=\"IMG_3059\" style=\"border-top: 0px; border-right: 0px; background-image: none; border-bottom: 0px; float: none; padding-top: 0px; padding-left: 0px; margin: 0px auto 10px; border-left: 0px; display: block; padding-right: 0px\" border=\"0\" alt=\"IMG_3059\" src=\"http:\/\/www.saloanoticias.com\/v1\/wp-content\/uploads\/imagens\/img_3059_thumb_6e280e29a31347a175c596e498b30e16.jpg\" width=\"497\" height=\"288\"><\/a>Acontece logo mais a partir das 10:00 horas da manh\u00e3 a tradicional\u00edssima Cavalgada Cabral na cidade de Salo\u00e1\/PE. Os organizadores esperam receber a visita de centenas de cavaleiros e amazonas vindas de v\u00e1rias partes de Pernambuco e at\u00e9 de outros estados. Houve uma pequena altera\u00e7\u00e3o no percurso, segundo nos foi informado, e o final agora ser\u00e1 na resid\u00eancia do organizador do evento, Ant\u00f4nio Cabral. A 3\u00aa Cavalgada Cabral tem o apoio total da prefeitura municipal de Salo\u00e1 e h\u00e1 v\u00e1rios anos vem fazendo muito sucesso.<\/font><\/p>\n<div style=\"margin-top: 0px; margin-bottom: 0px;\" class=\"sharethis-inline-share-buttons\" ><\/div>","protected":false},"excerpt":{"rendered":"<p>Acontece logo mais a partir das 10:00 horas da manh\u00e3 a tradicional\u00edssima Cavalgada Cabral na cidade de Salo\u00e1\/PE. Os organizadores esperam receber a visita de centenas de cavaleiros e amazonas vindas de v\u00e1rias partes de Pernambuco e at\u00e9 de outros estados. Houve uma pequena altera\u00e7\u00e3o no percurso, segundo nos foi informado, e o final agora [&hellip;]<\/p>\n","protected":false},"author":1,"featured_media":0,"comment_status":"open","ping_status":"open","sticky":false,"template":"","format":"standard","meta":{"footnotes":""},"categories":[2],"tags":[],"class_list":["post-2140","post","type-post","status-publish","format-standard","hentry","category-noticias-do-dia"],"_links":{"self":[{"href":"https:\/\/www.saloanoticias.com\/v1\/wp-json\/wp\/v2\/posts\/2140","targetHints":{"allow":["GET"]}}],"collection":[{"href":"https:\/\/www.saloanoticias.com\/v1\/wp-json\/wp\/v2\/posts"}],"about":[{"href":"https:\/\/www.saloanoticias.com\/v1\/wp-json\/wp\/v2\/types\/post"}],"author":[{"embeddable":true,"href":"https:\/\/www.saloanoticias.com\/v1\/wp-json\/wp\/v2\/users\/1"}],"replies":[{"embeddable":true,"href":"https:\/\/www.saloanoticias.com\/v1\/wp-json\/wp\/v2\/comments?post=2140"}],"version-history":[{"count":0,"href":"https:\/\/www.saloanoticias.com\/v1\/wp-json\/wp\/v2\/posts\/2140\/revisions"}],"wp:attachment":[{"href":"https:\/\/www.saloanoticias.com\/v1\/wp-json\/wp\/v2\/media?parent=2140"}],"wp:term":[{"taxonomy":"category","embeddable":true,"href":"https:\/\/www.saloanoticias.com\/v1\/wp-json\/wp\/v2\/categories?post=2140"},{"taxonomy":"post_tag","embeddable":true,"href":"https:\/\/www.saloanoticias.com\/v1\/wp-json\/wp\/v2\/tags?post=2140"}],"curies":[{"name":"wp","href":"https:\/\/api.w.org\/{rel}","templated":true}]}}